{"id":266,"count":1,"description":"","link":"https:\/\/gazetedokuz.com\/?tag=alti-nokta-korler-dernegi-aydin-subesi","name":"Alt\u0131 Nokta K\u00f6rler Derne\u011fi Ayd\u0131n \u015eubesi","slug":"alti-nokta-korler-dernegi-aydin-subesi","taxonomy":"post_tag","meta":[],"_links":{"self":[{"href":"https:\/\/gazetedokuz.com\/index.php?rest_route=\/wp\/v2\/tags\/266","targetHints":{"allow":["GET"]}}],"collection":[{"href":"https:\/\/gazetedokuz.com\/index.php?rest_route=\/wp\/v2\/tags"}],"about":[{"href":"https:\/\/gazetedokuz.com\/index.php?rest_route=\/wp\/v2\/taxonomies\/post_tag"}],"wp:post_type":[{"href":"https:\/\/gazetedokuz.com\/index.php?rest_route=%2Fwp%2Fv2%2Fposts&tags=266"},{"href":"https:\/\/gazetedokuz.com\/index.php?rest_route=%2Fwp%2Fv2%2Fcolumist&tags=266"}],"curies":[{"name":"wp","href":"https:\/\/api.w.org\/{rel}","templated":true}]}}