{"id":2434,"date":"2026-09-06T10:41:00","date_gmt":"2026-09-06T07:41:00","guid":{"rendered":"https:\/\/gazetedokuz.com\/?p=2434"},"modified":"2026-09-06T23:43:58","modified_gmt":"2026-09-06T20:43:58","slug":"iste-aydin-il-muftusu-seyfullah-cakirin-biyografisi","status":"publish","type":"post","link":"https:\/\/gazetedokuz.com\/?p=2434","title":{"rendered":"\u0130\u015fte Ayd\u0131n \u0130l M\u00fcft\u00fcs\u00fc Seyfullah \u00c7ak\u0131r\u2019\u0131n biyografisi"},"content":{"rendered":"\n<p class=\"wp-block-paragraph\">Resm\u00ee Gazete\u2019de yay\u0131mlanan son kararnameyle Samsun\u2019dan Ege\u2019nin lokomotif kenti Ayd\u0131n\u2019a atanan \u0130l M\u00fcft\u00fcs\u00fc Seyfullah \u00c7ak\u0131r, ba\u015far\u0131l\u0131 \u00e7al\u0131\u015fmalar\u0131 ve ta\u015fra te\u015fkilatlar\u0131ndaki idari tecr\u00fcbesiyle tan\u0131nan bir isim. <\/p>\n\n\n\n<p class=\"wp-block-paragraph\">\u0130mam-hatip olarak ba\u015flad\u0131\u011f\u0131 Diyanet yolculu\u011funda bir\u00e7ok il\u00e7e ve ilde \u00fcst d\u00fczey y\u00f6neticilik yapan \u00c7ak\u0131r\u2019\u0131n, e\u011fitim hayat\u0131ndan bug\u00fcne uzanan ba\u015far\u0131 dolu biyografisi ve kariyer basamaklar\u0131, Ayd\u0131n\u2019daki yeni d\u00f6nemin vizyonunu da ortaya koyuyor.<\/p>\n\n\n\n<p class=\"wp-block-paragraph\"><strong>E\u011e\u0130T\u0130M HAYATI VE \u0130LK G\u00d6REV\u0130<\/strong><\/p>\n\n\n\n<p class=\"wp-block-paragraph\">Seyfullah \u00c7ak\u0131r, 1972 y\u0131l\u0131nda Samsun\u2019un \u00c7ar\u015famba il\u00e7esi Yenik\u0131\u015fla mahallesinde d\u00fcnyaya geldi. \u0130lkokulu do\u011fdu\u011fu mahallede bitirdikten sonra, \u00c7ar\u015famba \u0130hsaniye Yat\u0131l\u0131 Kur\u2019an Kursu\u2019nda 1 y\u0131l boyunca din e\u011fitimi ald\u0131. 1991 y\u0131l\u0131nda \u00c7ar\u015famba \u0130mam-Hatip Lisesi\u2019nden mezun olan \u00c7ak\u0131r, y\u00fcksek\u00f6\u011frenimini ise 1997 y\u0131l\u0131nda Ondokuz May\u0131s \u00dcniversitesi (OM\u00dc) \u0130lahiyat Fak\u00fcltesi\u2019nde dereceyle tamamlad\u0131. Lisans e\u011fitimine devam etti\u011fi esnada, hen\u00fcz 20 ya\u015f\u0131ndayken (1992 y\u0131l\u0131nda) Samsun\u2019un Kavak il\u00e7esinde \u0130mam-Hatip olarak ilk resm\u00ee g\u00f6revine ad\u0131m att\u0131.<\/p>\n\n\n\n<p class=\"wp-block-paragraph\"><strong>HASEK\u0130 \u0130HT\u0130SAS E\u011e\u0130T\u0130M\u0130 VE VA\u0130ZL\u0130K D\u00d6NEM\u0130<\/strong><\/p>\n\n\n\n<p class=\"wp-block-paragraph\">\u0130lahiyat fak\u00fcltesinden mezun oldu\u011fu y\u0131l mesleki uzmanl\u0131\u011f\u0131n\u0131 art\u0131rmak amac\u0131yla Diyanet \u0130\u015fleri Ba\u015fkanl\u0131\u011f\u0131 \u0130stanbul Haseki E\u011fitim Merkezi 14. D\u00f6nem Hizmet \u0130\u00e7i E\u011fitim \u0130htisas Kursu\u2019na se\u00e7ildi. 1999 y\u0131l\u0131nda bu zorlu ve prestijli ihtisas e\u011fitimini ba\u015far\u0131yla tamamlad\u0131ktan sonra, memleketi Samsun\u2019un Bafra il\u00e7esine Vaiz olarak atand\u0131 ve burada y\u00fcr\u00fctt\u00fc\u011f\u00fc vaaz programlar\u0131yla b\u00f6lge halk\u0131n\u0131n takdirini toplad\u0131.<\/p>\n\n\n\n<p class=\"wp-block-paragraph\"><strong>KARS\u2019TAN SAMSUN \u0130L M\u00dcFT\u00dcL\u00dc\u011e\u00dc\u2019NE UZANAN \u0130DAR\u0130 KAR\u0130YER<\/strong><\/p>\n\n\n\n<p class=\"wp-block-paragraph\">Y\u00f6netici kadrolar\u0131nda h\u0131zla y\u00fckselen Seyfullah \u00c7ak\u0131r, ilk \u0130l\u00e7e M\u00fcft\u00fcl\u00fc\u011f\u00fc g\u00f6revine 2000 y\u0131l\u0131nda Kars\u2019\u0131n Susuz il\u00e7esinde ba\u015flad\u0131. Anadolu\u2019nun farkl\u0131 co\u011frafyalar\u0131nda idari tecr\u00fcbe kazanan \u00c7ak\u0131r\u2019\u0131n kariyer kronolojisi \u015fu \u015fekilde \u015fekillendi:<\/p>\n\n\n\n<ul class=\"wp-block-list\">\n<li><strong>2003:<\/strong> \u00c7orum \u0130li U\u011furluda\u011f \u0130l\u00e7e M\u00fcft\u00fcl\u00fc\u011f\u00fc,<\/li>\n\n\n\n<li><strong>2009:<\/strong> Ordu \u0130li G\u00fclyal\u0131 \u0130l\u00e7e M\u00fcft\u00fcl\u00fc\u011f\u00fc,<\/li>\n\n\n\n<li><strong>2014:<\/strong> Ordu \u0130l M\u00fcft\u00fc Yard\u0131mc\u0131l\u0131\u011f\u0131,<\/li>\n\n\n\n<li><strong>2018:<\/strong> Samsun \u0130li \u0130lkad\u0131m \u0130l\u00e7e M\u00fcft\u00fcl\u00fc\u011f\u00fc.<\/li>\n<\/ul>\n\n\n\n<p class=\"wp-block-paragraph\">\u0130lkad\u0131m il\u00e7esindeki ba\u015far\u0131l\u0131 y\u00f6netiminin ard\u0131ndan, 8 May\u0131s 2020 tarihli Cumhurba\u015fkanl\u0131\u011f\u0131 Kararnamesi ile do\u011fup b\u00fcy\u00fcd\u00fc\u011f\u00fc \u015fehir olan Samsun \u0130l M\u00fcft\u00fcl\u00fc\u011f\u00fc makam\u0131na getirildi. Samsun&#8217;da 6 y\u0131l boyunca din hizmetlerinin koordinasyonunu ba\u015far\u0131yla y\u00fcr\u00fcten \u00c7ak\u0131r, Eyl\u00fcl 2026 kararnamesiyle Ayd\u0131n\u2019\u0131n yeni il m\u00fcft\u00fcs\u00fc oldu. \u0130yi derecede Arap\u00e7a ve orta d\u00fczeyde Almanca bilen Seyfullah \u00c7ak\u0131r, evli ve iki \u00e7ocuk babas\u0131d\u0131r.<\/p>\n","protected":false},"excerpt":{"rendered":"<p>Samsun&#8217;dan Ayd\u0131n\u2019a atanan yeni \u0130l M\u00fcft\u00fcs\u00fc Seyfullah \u00c7ak\u0131r kimdir? \u0130stanbul Haseki \u0130htisas mezunu olan, Anadolu&#8217;nun bir\u00e7ok kentinde m\u00fcft\u00fcl\u00fck yapan deneyimli ismin t\u00fcm hayat\u0131 ve kariyer kronolojisi haberimizde\u2026<\/p>\n","protected":false},"author":2,"featured_media":2435,"comment_status":"open","ping_status":"closed","sticky":false,"template":"","format":"standard","meta":{"footnotes":""},"categories":[145],"tags":[302],"manset":[],"bilesen":[],"class_list":["post-2434","post","type-post","status-publish","format-standard","has-post-thumbnail","hentry","category-kamu-kurum","tag-aydin-il-muftusu-seyfullah-cakir"],"_links":{"self":[{"href":"https:\/\/gazetedokuz.com\/index.php?rest_route=\/wp\/v2\/posts\/2434","targetHints":{"allow":["GET"]}}],"collection":[{"href":"https:\/\/gazetedokuz.com\/index.php?rest_route=\/wp\/v2\/posts"}],"about":[{"href":"https:\/\/gazetedokuz.com\/index.php?rest_route=\/wp\/v2\/types\/post"}],"author":[{"embeddable":true,"href":"https:\/\/gazetedokuz.com\/index.php?rest_route=\/wp\/v2\/users\/2"}],"replies":[{"embeddable":true,"href":"https:\/\/gazetedokuz.com\/index.php?rest_route=%2Fwp%2Fv2%2Fcomments&post=2434"}],"version-history":[{"count":1,"href":"https:\/\/gazetedokuz.com\/index.php?rest_route=\/wp\/v2\/posts\/2434\/revisions"}],"predecessor-version":[{"id":2436,"href":"https:\/\/gazetedokuz.com\/index.php?rest_route=\/wp\/v2\/posts\/2434\/revisions\/2436"}],"wp:featuredmedia":[{"embeddable":true,"href":"https:\/\/gazetedokuz.com\/index.php?rest_route=\/wp\/v2\/media\/2435"}],"wp:attachment":[{"href":"https:\/\/gazetedokuz.com\/index.php?rest_route=%2Fwp%2Fv2%2Fmedia&parent=2434"}],"wp:term":[{"taxonomy":"category","embeddable":true,"href":"https:\/\/gazetedokuz.com\/index.php?rest_route=%2Fwp%2Fv2%2Fcategories&post=2434"},{"taxonomy":"post_tag","embeddable":true,"href":"https:\/\/gazetedokuz.com\/index.php?rest_route=%2Fwp%2Fv2%2Ftags&post=2434"},{"taxonomy":"manset","embeddable":true,"href":"https:\/\/gazetedokuz.com\/index.php?rest_route=%2Fwp%2Fv2%2Fmanset&post=2434"},{"taxonomy":"bilesen","embeddable":true,"href":"https:\/\/gazetedokuz.com\/index.php?rest_route=%2Fwp%2Fv2%2Fbilesen&post=2434"}],"curies":[{"name":"wp","href":"https:\/\/api.w.org\/{rel}","templated":true}]}}