{"id":2429,"date":"2026-09-06T00:13:00","date_gmt":"2026-09-05T21:13:00","guid":{"rendered":"https:\/\/gazetedokuz.com\/?p=2429"},"modified":"2026-09-06T22:23:58","modified_gmt":"2026-09-06T19:23:58","slug":"kararnameyle-6-muftu-merkeze-cekildi-35-ile-yeni-atama","status":"publish","type":"post","link":"https:\/\/gazetedokuz.com\/?p=2429","title":{"rendered":"Kararnameyle 6 m\u00fcft\u00fc merkeze \u00e7ekildi, 35 ile yeni atama"},"content":{"rendered":"\n<p class=\"wp-block-paragraph\">Cumhurba\u015fkan\u0131 Say\u0131n Recep Tayyip Erdo\u011fan\u2019\u0131n imzas\u0131yla 5 Eyl\u00fcl 2026 tarihli Resmi Gazete\u2019de yay\u0131mlanan 2026\/279 say\u0131l\u0131 Cumhurba\u015fkanl\u0131\u011f\u0131 Kararnamesi kapsam\u0131nda, il m\u00fcft\u00fcl\u00fcklerinde geni\u015f \u00e7apl\u0131 bir atama ve rotasyon operasyonu ger\u00e7ekle\u015ftirildi. <\/p>\n\n\n\n<p class=\"wp-block-paragraph\">3 say\u0131l\u0131 Cumhurba\u015fkanl\u0131\u011f\u0131 Kararnamesi\u2019nin 2\u2019nci maddesi gere\u011fince y\u00fcr\u00fct\u00fclen atama takvimiyle, T\u00fcrkiye genelinde 6 ilin m\u00fcft\u00fcs\u00fc do\u011frudan g\u00f6revden al\u0131n\u0131rken, toplam 35 il m\u00fcft\u00fcl\u00fc\u011f\u00fcnde ise g\u00f6rev de\u011fi\u015fimi ve kar\u015f\u0131l\u0131kl\u0131 rotasyonlar hayata ge\u00e7irildi.<\/p>\n\n\n\n<p class=\"wp-block-paragraph\"><strong>AYDIN VE SAMSUN ARASINDA M\u00dcFT\u00dc DE\u011e\u0130\u015e\u0130M\u0130<\/strong><\/p>\n\n\n\n<p class=\"wp-block-paragraph\">Yay\u0131mlanan kararnamedeki en kritik karar, b\u00fcy\u00fck\u015fehirler aras\u0131ndaki rotasyon oldu. Al\u0131nan kararla birlikte Ayd\u0131n \u0130l M\u00fcft\u00fcs\u00fc <strong>Hasan G\u00fcne\u015f<\/strong> Karadeniz\u2019in stratejik kenti Samsun \u0130l M\u00fcft\u00fcl\u00fc\u011f\u00fc g\u00f6revine atan\u0131rken; Samsun \u0130l M\u00fcft\u00fcs\u00fc <strong>Seyfullah \u00c7ak\u0131r<\/strong> ise Ege\u2019nin lokomotif \u015fehri Ayd\u0131n\u2019\u0131n yeni \u0130l M\u00fcft\u00fcs\u00fc olarak g\u00f6revlendirildi. \u0130ki deneyimli ismin \u00f6n\u00fcm\u00fczdeki g\u00fcnlerde kentlerdeki yeni mesailerine ba\u015flamas\u0131 bekleniyor.<\/p>\n\n\n\n<p class=\"wp-block-paragraph\"><strong>6 \u0130L M\u00dcFT\u00dcS\u00dc DO\u011eRUDAN G\u00d6REVDEN ALINDI<\/strong><\/p>\n\n\n\n<p class=\"wp-block-paragraph\">A\u00e7\u0131klanan kararnameye g\u00f6re, 6 ilin m\u00fcft\u00fcs\u00fc merkeze \u00e7ekildi:<\/p>\n\n\n\n<ul class=\"wp-block-list\">\n<li>Bilecik \u0130l M\u00fcft\u00fcs\u00fc <strong>Ahmet Dilek<\/strong>,<\/li>\n\n\n\n<li>Karab\u00fck \u0130l M\u00fcft\u00fcs\u00fc <strong>Ali Erhun<\/strong>,<\/li>\n\n\n\n<li>Kocaeli \u0130l M\u00fcft\u00fcs\u00fc <strong>Mehmet S\u00f6nmezo\u011flu<\/strong>,<\/li>\n\n\n\n<li>Nev\u015fehir \u0130l M\u00fcft\u00fcs\u00fc <strong>Kaz\u0131m G\u00fczel<\/strong>,<\/li>\n\n\n\n<li>Zonguldak \u0130l M\u00fcft\u00fcs\u00fc \u0130brahim <strong>Halil Demir<\/strong>,<\/li>\n\n\n\n<li>Konya \u0130l M\u00fcft\u00fcs\u00fc <strong>Ali \u00d6ge<\/strong>.<\/li>\n<\/ul>\n\n\n\n<p class=\"wp-block-paragraph\"><strong>35 \u0130LDE ATAMA TRAF\u0130\u011e\u0130<\/strong><\/p>\n\n\n\n<p class=\"wp-block-paragraph\">\u0130\u015fte kararnameye g\u00f6re il il atanan t\u00fcm m\u00fcft\u00fclerin tam listesi:<\/p>\n\n\n\n<ul class=\"wp-block-list\">\n<li>Bilecik \u0130l M\u00fcft\u00fcl\u00fc\u011f\u00fcne\u00a0<strong>Yusuf Dikmen,<\/strong><\/li>\n\n\n\n<li>Tunceli \u0130l M\u00fcft\u00fcl\u00fc\u011f\u00fcne\u00a0<strong>Fethullah Yavuz,<\/strong><\/li>\n\n\n\n<li>I\u011fd\u0131r \u0130l M\u00fcft\u00fcl\u00fc\u011f\u00fcne Kilis \u0130l M\u00fcft\u00fcs\u00fc\u00a0<strong>Alettin Bozkurt,<\/strong><\/li>\n\n\n\n<li>Kilis \u0130l M\u00fcft\u00fcl\u00fc\u011f\u00fcne I\u011fd\u0131r \u0130l M\u00fcft\u00fcs\u00fc\u00a0<strong>Zahit Demirel,<\/strong><\/li>\n\n\n\n<li>Karab\u00fck \u0130l M\u00fcft\u00fcl\u00fc\u011f\u00fcne\u00a0<strong>Mustafa Yavuz,<\/strong><\/li>\n\n\n\n<li>Kocaeli \u0130l M\u00fcft\u00fcl\u00fc\u011f\u00fcne Bolu \u0130l M\u00fcft\u00fcs\u00fc\u00a0<strong>H\u00fcseyin Demirta\u015f,<\/strong><\/li>\n\n\n\n<li>Bolu \u0130l M\u00fcft\u00fcl\u00fc\u011f\u00fcne Giresun \u0130l M\u00fcft\u00fcs\u00fc\u00a0<strong>Sel\u00e7uk K\u0131l\u0131\u00e7bay,<\/strong><\/li>\n\n\n\n<li>Giresun \u0130l M\u00fcft\u00fcl\u00fc\u011f\u00fcne Hakkari \u0130l M\u00fcft\u00fcs\u00fc<strong>\u00a0H\u00fcseyin Oku\u015f,<\/strong><\/li>\n\n\n\n<li>Hakkari \u0130l M\u00fcft\u00fcl\u00fc\u011f\u00fcne\u00a0<strong>Recep Eren,<\/strong><\/li>\n\n\n\n<li>Ni\u011fde \u0130l M\u00fcft\u00fcl\u00fc\u011f\u00fcne Kars \u0130l M\u00fcft\u00fcs\u00fc\u00a0<strong>Yavuz Y\u0131ld\u0131z,<\/strong><\/li>\n\n\n\n<li>Kars \u0130l M\u00fcft\u00fcl\u00fc\u011f\u00fcne\u00a0<strong>Selami Aykul,<\/strong><\/li>\n\n\n\n<li>Nev\u015fehir \u0130l M\u00fcft\u00fcl\u00fc\u011f\u00fcne G\u00fcm\u00fc\u015fhane \u0130l M\u00fcft\u00fcs\u00fc<strong>\u00a0Hayri Erenay,<\/strong><\/li>\n\n\n\n<li>G\u00fcm\u00fc\u015fhane \u0130I M\u00fcft\u00fcl\u00fc\u011f\u00fcne Karaman \u0130l M\u00fcft\u00fcs\u00fc<strong>\u00a0Faruk G\u00fcrb\u00fcz,<\/strong><\/li>\n\n\n\n<li>Karaman \u0130l M\u00fcft\u00fcl\u00fc\u011f\u00fcne Isparta \u0130l M\u00fcft\u00fcs\u00fc\u00a0<strong>Muharrem Bi\u00e7er,<\/strong><\/li>\n\n\n\n<li>Isparta \u0130l M\u00fcft\u00fcl\u00fc\u011f\u00fcne K\u0131rklareli \u0130l M\u00fcft\u00fcs\u00fc\u00a0<strong>Yusuf Evi\u015f,<\/strong><\/li>\n\n\n\n<li>K\u0131rklareli \u0130l M\u00fcft\u00fcl\u00fc\u011f\u00fcne Aksaray \u0130l M\u00fcft\u00fcs\u00fc\u00a0<strong>Veysel I\u015f\u0131ldar,<\/strong><\/li>\n\n\n\n<li>Aksaray \u0130l M\u00fcft\u00fcl\u00fc\u011f\u00fcne<strong>\u00a0Ali Efe,<\/strong><\/li>\n\n\n\n<li>Zonguldak \u0130l M\u00fcft\u00fcl\u00fc\u011f\u00fcne Bayburt \u0130l M\u00fcft\u00fcs\u00fc\u00a0<strong>Bayram Danac\u0131,<\/strong><\/li>\n\n\n\n<li>Bayburt \u0130l M\u00fcft\u00fcl\u00fc\u011f\u00fcne\u00a0<strong>Basri Bekta\u015f,<\/strong><\/li>\n\n\n\n<li>Konya \u0130l M\u00fcft\u00fcl\u00fc\u011f\u00fcne Diyarbak\u0131r \u0130I M\u00fcft\u00fcs\u00fc<strong>\u00a0Celal B\u00fcy\u00fck,<\/strong><\/li>\n\n\n\n<li>Diyarbak\u0131r \u0130l M\u00fcft\u00fcl\u00fc\u011f\u00fcne Erzincan \u0130l M\u00fcft\u00fcs\u00fc<strong>\u00a0\u0130smail Fakirullaho\u011flu,<\/strong><\/li>\n\n\n\n<li>Erzincan \u0130l M\u00fcft\u00fcl\u00fc\u011f\u00fcne\u00a0<strong>Selim Yaz\u0131c\u0131,<\/strong><\/li>\n\n\n\n<li>Yalova \u0130l M\u00fcft\u00fcl\u00fc\u011f\u00fcne Rize \u0130l M\u00fcft\u00fcs\u00fc\u00a0<strong>Naci \u00c7akmak\u00e7\u0131,<\/strong><\/li>\n\n\n\n<li>Rize \u0130l M\u00fcft\u00fcl\u00fc\u011f\u00fcne Yalova \u0130l M\u00fcft\u00fcs\u00fc\u00a0<strong>\u0130lyas Y\u0131lmazt\u00fcrk,<\/strong><\/li>\n\n\n\n<li>\u015eanl\u0131urfa \u0130l M\u00fcft\u00fcl\u00fc\u011f\u00fcne Van \u0130l M\u00fcft\u00fcs\u00fc\u00a0<strong>Mehmet S\u0131rr\u0131 \u015e\u0131k,<\/strong><\/li>\n\n\n\n<li>Van \u0130l M\u00fcft\u00fcl\u00fc\u011f\u00fcne Bitlis \u0130l M\u00fcft\u00fcs\u00fc\u00a0<strong>Kadir Ko\u00e7ak,<\/strong><\/li>\n\n\n\n<li>Bitlis \u0130l M\u00fcft\u00fcl\u00fc\u011f\u00fcne Bart\u0131n \u0130l M\u00fcft\u00fcs\u00fc\u00a0<strong>\u00d6mer Keskin,<\/strong><\/li>\n\n\n\n<li>Bart\u0131n \u0130l M\u00fcft\u00fcl\u00fc\u011f\u00fcne<strong>\u00a0Mehmet \u00c7elebi,<\/strong><\/li>\n\n\n\n<li>Ayd\u0131n \u0130l M\u00fcft\u00fcl\u00fc\u011f\u00fcne Samsun \u0130l M\u00fcft\u00fcs\u00fc\u00a0<strong>Seyfullah \u00c7ak\u0131r,<\/strong><\/li>\n\n\n\n<li>Samsun \u0130l M\u00fcft\u00fcl\u00fc\u011f\u00fcne Ayd\u0131n \u0130l M\u00fcft\u00fcs\u00fc\u00a0<strong>Hasan G\u00fcne\u015f,<\/strong><\/li>\n\n\n\n<li>Adana \u0130I M\u00fcft\u00fcl\u00fc\u011f\u00fcne Afyonkarahisar \u0130l M\u00fcft\u00fcs\u00fc\u00a0<strong>L\u00fctf\u00fc \u0130mamo\u011flu,<\/strong><\/li>\n\n\n\n<li>Afyonkarahisar \u0130l M\u00fcft\u00fcl\u00fc\u011f\u00fcne Burdur \u0130l M\u00fcft\u00fcs\u00fc<strong>\u00a0Ali Hayri \u00c7elik,<\/strong><\/li>\n\n\n\n<li>Burdur \u0130l M\u00fcft\u00fcl\u00fc\u011f\u00fcne Sinop \u0130l M\u00fcft\u00fcs\u00fc<strong>\u00a0Pa\u015fa Bekta\u015f,<\/strong><\/li>\n\n\n\n<li>Sinop \u0130l M\u00fcft\u00fcl\u00fc\u011f\u00fcne\u00a0<strong>Mehmet Arslaner,<\/strong><\/li>\n\n\n\n<li>K\u00fctahya \u0130l M\u00fcft\u00fcl\u00fc\u011f\u00fcne\u00a0<strong>Hasan \u0130zmirli.<\/strong><\/li>\n<\/ul>\n<\/p>","protected":false},"excerpt":{"rendered":"<p>Resmi Gazete\u2019de yay\u0131mlanan Cumhurba\u015fkanl\u0131\u011f\u0131 Kararnamesi ile Diyanet \u0130\u015fleri Ba\u015fkanl\u0131\u011f\u0131 ta\u015fra te\u015fkilat\u0131nda k\u00f6kl\u00fc bir de\u011fi\u015fim ya\u015fand\u0131. Karara g\u00f6re g\u00f6rev s\u00fcreleri tamamlanan 6 il m\u00fcft\u00fcs\u00fc do\u011frudan merkeze \u00e7ekilirken, Ayd\u0131n dahil 35 ilin m\u00fcft\u00fcl\u00fck makam\u0131nda ise yeni g\u00f6revlendirmeler ve kar\u015f\u0131l\u0131kl\u0131 \u00e7apraz rotasyonlar hayata ge\u00e7irildi<\/p>\n","protected":false},"author":2,"featured_media":2432,"comment_status":"open","ping_status":"closed","sticky":false,"template":"","format":"standard","meta":{"footnotes":""},"categories":[145],"tags":[301,300],"manset":[],"bilesen":[],"class_list":["post-2429","post","type-post","status-publish","format-standard","has-post-thumbnail","hentry","category-kamu-kurum","tag-cumhurbaskani-recep-tayyip-erdogan","tag-resmi-gazete"],"_links":{"self":[{"href":"https:\/\/gazetedokuz.com\/index.php?rest_route=\/wp\/v2\/posts\/2429","targetHints":{"allow":["GET"]}}],"collection":[{"href":"https:\/\/gazetedokuz.com\/index.php?rest_route=\/wp\/v2\/posts"}],"about":[{"href":"https:\/\/gazetedokuz.com\/index.php?rest_route=\/wp\/v2\/types\/post"}],"author":[{"embeddable":true,"href":"https:\/\/gazetedokuz.com\/index.php?rest_route=\/wp\/v2\/users\/2"}],"replies":[{"embeddable":true,"href":"https:\/\/gazetedokuz.com\/index.php?rest_route=%2Fwp%2Fv2%2Fcomments&post=2429"}],"version-history":[{"count":1,"href":"https:\/\/gazetedokuz.com\/index.php?rest_route=\/wp\/v2\/posts\/2429\/revisions"}],"predecessor-version":[{"id":2430,"href":"https:\/\/gazetedokuz.com\/index.php?rest_route=\/wp\/v2\/posts\/2429\/revisions\/2430"}],"wp:featuredmedia":[{"embeddable":true,"href":"https:\/\/gazetedokuz.com\/index.php?rest_route=\/wp\/v2\/media\/2432"}],"wp:attachment":[{"href":"https:\/\/gazetedokuz.com\/index.php?rest_route=%2Fwp%2Fv2%2Fmedia&parent=2429"}],"wp:term":[{"taxonomy":"category","embeddable":true,"href":"https:\/\/gazetedokuz.com\/index.php?rest_route=%2Fwp%2Fv2%2Fcategories&post=2429"},{"taxonomy":"post_tag","embeddable":true,"href":"https:\/\/gazetedokuz.com\/index.php?rest_route=%2Fwp%2Fv2%2Ftags&post=2429"},{"taxonomy":"manset","embeddable":true,"href":"https:\/\/gazetedokuz.com\/index.php?rest_route=%2Fwp%2Fv2%2Fmanset&post=2429"},{"taxonomy":"bilesen","embeddable":true,"href":"https:\/\/gazetedokuz.com\/index.php?rest_route=%2Fwp%2Fv2%2Fbilesen&post=2429"}],"curies":[{"name":"wp","href":"https:\/\/api.w.org\/{rel}","templated":true}]}}