{"id":2413,"date":"2026-09-06T12:15:00","date_gmt":"2026-09-06T09:15:00","guid":{"rendered":"https:\/\/gazetedokuz.com\/?p=2413"},"modified":"2026-09-06T16:02:55","modified_gmt":"2026-09-06T13:02:55","slug":"baskan-cercioglundan-kurtulus-konserleri-sira-soke-ve-efelerde","status":"publish","type":"post","link":"https:\/\/gazetedokuz.com\/?p=2413","title":{"rendered":"Ba\u015fkan \u00c7er\u00e7io\u011flu\u2019ndan \u2018Kurtulu\u015f Konserleri\u2019&#8230; S\u0131ra S\u00f6ke ve Efeler\u2019de"},"content":{"rendered":"\n<p class=\"wp-block-paragraph\"><strong>(AYDIN \/ SULTANH\u0130SAR)<\/strong> Ayd\u0131n B\u00fcy\u00fck\u015fehir Belediyesi, Gazi Mustafa Kemal Atat\u00fcrk ve silah arkada\u015flar\u0131n\u0131n \u00f6nc\u00fcl\u00fc\u011f\u00fcnde kazan\u0131lan \u015fanl\u0131 kurtulu\u015f m\u00fccadelesinin 104. y\u0131l d\u00f6n\u00fcm\u00fcn\u00fc il genelinde d\u00fczenledi\u011fi dev k\u00fclt\u00fcr-sanat organizasyonlar\u0131yla kutlamaya devam ediyor. <\/p>\n\n\n\n<p class=\"wp-block-paragraph\">\u015eehrin d\u00f6rt bir yan\u0131nda kurtulu\u015f gururunu ve milli birlik ruhunu en \u00fcst seviyede ya\u015fatmay\u0131 hedefleyen B\u00fcy\u00fck\u015fehir Belediyesi, geleneksel zafer konserleriyle on binlerce Ayd\u0131nl\u0131y\u0131 meydanlarda tek y\u00fcrek haline getiriyor. Kent genelinde adeta bir festival havas\u0131 estiren konser zincirinin son dura\u011f\u0131 Sultanhisar il\u00e7esi oldu.<\/p>\n\n\n\n<p class=\"wp-block-paragraph\"><strong>CUMHUR\u0130YET MEYDANI\u2019NDA EL\u0130F BUSE DO\u011eAN \u0130LE UNUTULMAZ GECE<\/strong><\/p>\n\n\n\n<p class=\"wp-block-paragraph\">Sultanhisar\u2019\u0131n d\u00fc\u015fman i\u015fgalinden kurtulu\u015funun 104. y\u0131l\u0131 kutlamalar\u0131 kapsam\u0131nda Cumhuriyet Meydan\u0131\u2019nda ger\u00e7ekle\u015ftirilen konserde, T\u00fcrk halk m\u00fczi\u011finin ve pop m\u00fczi\u011fin sevilen sesi Elif Buse Do\u011fan sahne ald\u0131. Alan\u0131 h\u0131ncah\u0131n\u00e7 dolduran binlerce vatanda\u015f, ellerindeki T\u00fcrk bayraklar\u0131n\u0131 \u015fark\u0131lar e\u015fli\u011finde dalgaland\u0131rarak tarihi bir co\u015fkuya imza att\u0131. Sanat\u00e7\u0131n\u0131n pop\u00fcler eserlerine hep bir a\u011f\u0131zdan e\u015flik eden Sultanhisarl\u0131lar, unutulmaz bir zafer gecesi ya\u015fad\u0131. Programda s\u00f6z alan Sultanhisar Belediye Ba\u015fkan\u0131 Osman Y\u0131ld\u0131r\u0131mkaya, il\u00e7eye sundu\u011fu bu anlaml\u0131 destek ve sanatsal katk\u0131lardan \u00f6t\u00fcr\u00fc Ayd\u0131n B\u00fcy\u00fck\u015fehir Belediye Ba\u015fkan\u0131 \u00d6zlem \u00c7er\u00e7io\u011flu\u2019na t\u00fcm il\u00e7e halk\u0131 ad\u0131na te\u015fekk\u00fcrlerini ve \u015f\u00fckranlar\u0131n\u0131 sundu.<\/p>\n\n\n\n<p class=\"wp-block-paragraph\"><strong>ZAFER MARATONU S\u00d6KE VE EFELER\u2019DE DEVAM EDECEK<\/strong><\/p>\n\n\n\n<p class=\"wp-block-paragraph\">Ayd\u0131n B\u00fcy\u00fck\u015fehir Belediyesi taraf\u0131ndan planlanan kurtulu\u015f g\u00fcn\u00fc etkinlikleri ve konser maratonu, \u00f6n\u00fcm\u00fczdeki g\u00fcnlerde de h\u0131z kesmeden di\u011fer il\u00e7elerde bayra\u011f\u0131 devralacak. \u015eehrin d\u00f6rt bir yan\u0131na yay\u0131lacak zafer co\u015fkusunun g\u00fcncel takvimi ve sahne alacak sanat\u00e7\u0131lar \u015fu \u015fekilde a\u00e7\u0131kland\u0131:<\/p>\n\n\n\n<ul class=\"wp-block-list\">\n<li><strong>6 Eyl\u00fcl Pazar (S\u00f6ke):<\/strong> Cumhuriyet Meydan\u0131\u2019nda pop m\u00fczi\u011fin g\u00fc\u00e7l\u00fc kalemi <strong>Emir Can \u0130\u011frek<\/strong> S\u00f6kelilerle bulu\u015facak.<\/li>\n\n\n\n<li><strong>7 Eyl\u00fcl Pazartesi (Efeler):<\/strong> Atat\u00fcrk Kent Meydan\u0131\u2019nda sahne alacak olan pop\u00fcler grup <strong>Poizi<\/strong>, merkez il\u00e7ede zafer co\u015fkusunu zirveye ta\u015f\u0131yacak.<\/li>\n<\/ul>\n<\/p>","protected":false},"excerpt":{"rendered":"<p>Kent genelinde 104. y\u0131l zafer etkinliklerini ba\u015flatan Ayd\u0131n B\u00fcy\u00fck\u015fehir Belediye Ba\u015fkan\u0131 \u00d6zlem \u00c7er\u00e7io\u011flu, Elif Buse Do\u011fan, Emir Can \u0130\u011frek ve Poizi\u2019yi Ayd\u0131nl\u0131larla bulu\u015fturuyor. Sultanhisar\u2019\u0131n ard\u0131ndan s\u0131ra S\u00f6ke ve Efeler meydanlar\u0131na geldi.<\/p>\n","protected":false},"author":2,"featured_media":2414,"comment_status":"open","ping_status":"closed","sticky":false,"template":"","format":"standard","meta":{"footnotes":""},"categories":[53],"tags":[46,296,298,47,297,264],"manset":[],"bilesen":[],"class_list":["post-2413","post","type-post","status-publish","format-standard","has-post-thumbnail","hentry","category-yerel-yonetim","tag-aydin-buyuksehir-belediyesi","tag-elif-buse-dogan","tag-emir-can-igrek","tag-ozlem-cercioglu","tag-poizi","tag-sultanhisar"],"_links":{"self":[{"href":"https:\/\/gazetedokuz.com\/index.php?rest_route=\/wp\/v2\/posts\/2413","targetHints":{"allow":["GET"]}}],"collection":[{"href":"https:\/\/gazetedokuz.com\/index.php?rest_route=\/wp\/v2\/posts"}],"about":[{"href":"https:\/\/gazetedokuz.com\/index.php?rest_route=\/wp\/v2\/types\/post"}],"author":[{"embeddable":true,"href":"https:\/\/gazetedokuz.com\/index.php?rest_route=\/wp\/v2\/users\/2"}],"replies":[{"embeddable":true,"href":"https:\/\/gazetedokuz.com\/index.php?rest_route=%2Fwp%2Fv2%2Fcomments&post=2413"}],"version-history":[{"count":3,"href":"https:\/\/gazetedokuz.com\/index.php?rest_route=\/wp\/v2\/posts\/2413\/revisions"}],"predecessor-version":[{"id":2417,"href":"https:\/\/gazetedokuz.com\/index.php?rest_route=\/wp\/v2\/posts\/2413\/revisions\/2417"}],"wp:featuredmedia":[{"embeddable":true,"href":"https:\/\/gazetedokuz.com\/index.php?rest_route=\/wp\/v2\/media\/2414"}],"wp:attachment":[{"href":"https:\/\/gazetedokuz.com\/index.php?rest_route=%2Fwp%2Fv2%2Fmedia&parent=2413"}],"wp:term":[{"taxonomy":"category","embeddable":true,"href":"https:\/\/gazetedokuz.com\/index.php?rest_route=%2Fwp%2Fv2%2Fcategories&post=2413"},{"taxonomy":"post_tag","embeddable":true,"href":"https:\/\/gazetedokuz.com\/index.php?rest_route=%2Fwp%2Fv2%2Ftags&post=2413"},{"taxonomy":"manset","embeddable":true,"href":"https:\/\/gazetedokuz.com\/index.php?rest_route=%2Fwp%2Fv2%2Fmanset&post=2413"},{"taxonomy":"bilesen","embeddable":true,"href":"https:\/\/gazetedokuz.com\/index.php?rest_route=%2Fwp%2Fv2%2Fbilesen&post=2413"}],"curies":[{"name":"wp","href":"https:\/\/api.w.org\/{rel}","templated":true}]}}