{"id":2408,"date":"2026-09-03T16:45:00","date_gmt":"2026-09-03T13:45:00","guid":{"rendered":"https:\/\/gazetedokuz.com\/?p=2408"},"modified":"2026-09-04T02:32:56","modified_gmt":"2026-09-03T23:32:56","slug":"arslan-incir-isletmelerini-ziyaret-etti-fuarlarin-onemine-dikkat-cekti","status":"publish","type":"post","link":"https:\/\/gazetedokuz.com\/?p=2408","title":{"rendered":"Arslan incir i\u015fletmelerini ziyaret etti, fuarlar\u0131n \u00f6nemine dikkat \u00e7ekti"},"content":{"rendered":"\n<p class=\"wp-block-paragraph\"><strong>(AYDIN \/ NAZ\u0130LL\u0130)<\/strong> Nazilli i\u015f d\u00fcnyas\u0131n\u0131n \u00e7at\u0131 kurulu\u015fu olan Nazilli Ticaret Odas\u0131 (NTO), b\u00f6lgenin en stratejik tar\u0131msal \u00fcr\u00fcn\u00fc ve en b\u00fcy\u00fck d\u00f6viz kayna\u011f\u0131 olan incir sekt\u00f6r\u00fcnde yeni sezon mesaisine h\u0131zl\u0131 ba\u015flad\u0131.<\/p>\n\n\n\n<p class=\"wp-block-paragraph\">NTO Y\u00f6netim Kurulu Ba\u015fkan\u0131 Nuri Arslan, her y\u0131l incir sezonlar\u0131nda ger\u00e7ekle\u015ftirdi\u011fi geleneksel i\u015f yeri ve i\u015fletme ziyaretleri kapsam\u0131nda sahaya indi. \u00c7al\u0131\u015fma program\u0131 nedeniyle Nazilli\u2019de bulunan AK Parti Ayd\u0131n Milletvekili \u00d6mer \u00d6zmen ile sekt\u00f6r\u00fcn \u00f6nemli temsilcilerinden \u00c7etin \u00c7amurcu\u2019nun da e\u015flik etti\u011fi saha program\u0131nda; incir sekt\u00f6r\u00fcn\u00fcn g\u00fcncel sorunlar\u0131, yap\u0131lmas\u0131 gereken \u00e7al\u0131\u015fmalar ve ihracat faaliyetleri hakk\u0131nda i\u015fletme sahipleriyle kar\u015f\u0131l\u0131kl\u0131 g\u00f6r\u00fc\u015f al\u0131\u015fveri\u015finde bulunuldu.<\/p>\n\n\n\n<figure class=\"wp-block-gallery has-nested-images columns-default is-cropped wp-block-gallery-1 is-layout-flex wp-block-gallery-is-layout-flex\">\n<figure class=\"wp-block-image size-large\"><img loading=\"lazy\" decoding=\"async\" width=\"1024\" height=\"683\" data-id=\"2411\" src=\"https:\/\/gazetedokuz.com\/wp-content\/uploads\/2026\/09\/NTO-incirciler-6li2-1024x683.jpeg\" alt=\"\" class=\"wp-image-2411\" srcset=\"https:\/\/gazetedokuz.com\/wp-content\/uploads\/2026\/09\/NTO-incirciler-6li2-1024x683.jpeg 1024w, https:\/\/gazetedokuz.com\/wp-content\/uploads\/2026\/09\/NTO-incirciler-6li2-300x200.jpeg 300w, https:\/\/gazetedokuz.com\/wp-content\/uploads\/2026\/09\/NTO-incirciler-6li2-768x512.jpeg 768w, https:\/\/gazetedokuz.com\/wp-content\/uploads\/2026\/09\/NTO-incirciler-6li2-282x188.jpeg 282w, https:\/\/gazetedokuz.com\/wp-content\/uploads\/2026\/09\/NTO-incirciler-6li2.jpeg 1200w\" sizes=\"auto, (max-width: 1024px) 100vw, 1024px\" \/><\/figure>\n<\/figure>\n\n\n\n<p class=\"wp-block-paragraph\"><strong>\u201c\u00dcYELER\u0130M\u0130Z\u0130N BEKASI B\u0130Z\u0130M \u0130\u00c7\u0130N \u00d6NCEL\u0130KL\u0130 KONUDUR\u201d<\/strong><\/p>\n\n\n\n<p class=\"wp-block-paragraph\">Odaya kay\u0131tl\u0131 incir i\u015fletmelerini sezon ba\u015f\u0131nda mutlaka ziyaret ederek sorunlar\u0131 yerinde dinlediklerini belirten NTO Ba\u015fkan\u0131 Nuri Arslan, yerel g\u0131da \u00fcr\u00fcnlerine katma de\u011fer yaratan markalar\u0131n arkas\u0131nda durduklar\u0131n\u0131 ifade etti.<\/p>\n\n\n\n<p class=\"wp-block-paragraph\">Sekt\u00f6r\u00fcn ula\u015ft\u0131\u011f\u0131 b\u00fcy\u00fckl\u00fc\u011fe dikkat \u00e7eken Ba\u015fkan Arslan, <strong>\u201cB\u00f6lgemize \u00f6zg\u00fc yerel \u00fcr\u00fcnlerimizden olan incir, uzun y\u0131llar de\u011ferli bir g\u0131da \u00fcr\u00fcn\u00fc olarak kabul g\u00f6rm\u00fc\u015f, g\u00fcn\u00fcm\u00fczde ba\u015fl\u0131 ba\u015f\u0131na b\u00fcy\u00fck bir sekt\u00f6r haline gelmi\u015ftir. Odam\u0131za kay\u0131tl\u0131 i\u015fletmeleri sezon ba\u015f\u0131nda mutlaka ziyaret ediyor, sekt\u00f6r ile ilgili yap\u0131lmas\u0131 gerekenleri isti\u015fare ediyor, varsa sorunlar\u0131n\u0131 dinliyorum. Odam\u0131za kay\u0131tl\u0131 incir i\u015fletmelerinin \u00f6nemli bir k\u0131sm\u0131 d\u00fczenli bir \u015fekilde ihracat yapmaktad\u0131r. \u00dclkemize d\u00f6viz kazand\u0131ran, yerel g\u0131da \u00fcr\u00fcnlerimize katma de\u011fer yaratan ve b\u00f6lgenin bilinirli\u011fine katk\u0131 veren i\u015fletmelerimizin bekas\u0131 bizim i\u00e7in \u00f6ncelikli konular aras\u0131ndad\u0131r\u201d<\/strong> dedi.<\/p>\n\n\n\n<figure class=\"wp-block-image size-large\"><img loading=\"lazy\" decoding=\"async\" width=\"1024\" height=\"683\" src=\"https:\/\/gazetedokuz.com\/wp-content\/uploads\/2026\/09\/NTO-incirciler-6li1-1024x683.jpeg\" alt=\"\" class=\"wp-image-2409\" srcset=\"https:\/\/gazetedokuz.com\/wp-content\/uploads\/2026\/09\/NTO-incirciler-6li1-1024x683.jpeg 1024w, https:\/\/gazetedokuz.com\/wp-content\/uploads\/2026\/09\/NTO-incirciler-6li1-300x200.jpeg 300w, https:\/\/gazetedokuz.com\/wp-content\/uploads\/2026\/09\/NTO-incirciler-6li1-768x512.jpeg 768w, https:\/\/gazetedokuz.com\/wp-content\/uploads\/2026\/09\/NTO-incirciler-6li1-282x188.jpeg 282w, https:\/\/gazetedokuz.com\/wp-content\/uploads\/2026\/09\/NTO-incirciler-6li1.jpeg 1200w\" sizes=\"auto, (max-width: 1024px) 100vw, 1024px\" \/><\/figure>\n\n\n\n<p class=\"wp-block-paragraph\"><strong>\u201cGIDA SEKT\u00d6R\u00dcNDE YURT DI\u015eINDA STANT A\u00c7AN TEK ODA OLMANIN GURURUNU YA\u015eIYORUZ\u201d<\/strong><\/p>\n\n\n\n<p class=\"wp-block-paragraph\">Nazilli incirini ve yerel \u00fcreticileri d\u00fcnya pazarlar\u0131yla bulu\u015fturma noktas\u0131nda T\u00fcrkiye genelinde \u00f6nc\u00fc bir rol \u00fcstlendiklerini kaydeden Ba\u015fkan Nuri Arslan, uluslararas\u0131 fuar organizasyonlar\u0131n\u0131n getirdi\u011fi ihracat ba\u015far\u0131lar\u0131n\u0131 \u015fu s\u00f6zlerle \u00f6zetledi: <strong>\u201cHer y\u0131l d\u00fcnyan\u0131n en b\u00fcy\u00fck g\u0131da fuarlar\u0131ndan biri olarak kabul edilen Almanya ANUGA G\u0131da Fuar\u0131 ile Fransa SIAL Fuar\u0131\u2019nda Ticaret Odas\u0131 olarak stant a\u00e7\u0131yor, \u00fcyelerimizin birebir ihracat g\u00f6r\u00fc\u015fmeleri yapmas\u0131n\u0131 sa\u011fl\u0131yor, \u00fcr\u00fcnlerinin tan\u0131t\u0131m\u0131na katk\u0131 veriyoruz. Yurt d\u0131\u015f\u0131 fuar organizasyonlar\u0131m\u0131z sayesinde bir\u00e7ok \u00fcyemiz d\u00fczenli bir \u015fekilde ihracat yapar duruma gelmi\u015ftir. \u0130hracat potansiyeli olan ancak bug\u00fcne kadar \u00e7e\u015fitli sebepler ile ihracat yapamayan bir\u00e7ok \u00fcyemiz yurt d\u0131\u015f\u0131 fuar organizasyonlar\u0131 vesilesi ile yabanc\u0131 al\u0131c\u0131lar ile birebir g\u00f6r\u00fc\u015fme imkan\u0131 bulmu\u015f, \u00fcr\u00fcnlerini tan\u0131tm\u0131\u015f ve ihracat\u00e7\u0131 konumuna gelmi\u015flerdir.\u201d<\/strong><\/p>\n\n\n\n<p class=\"wp-block-paragraph\"><strong>\u0130NC\u0130R \u0130\u015eLETMEC\u0130LER\u0130NDEN BA\u015eKAN ARSLAN\u2019A TE\u015eEKK\u00dcR<\/strong><\/p>\n\n\n\n<p class=\"wp-block-paragraph\">Ziyaretlerden duyduklar\u0131 memnuniyeti dile getiren incir i\u015fletmesi sahipleri ise NTO Ba\u015fkan\u0131 Nuri Arslan\u2019a te\u015fekk\u00fcrlerini iletti. \u00d6zellikle Almanya ve Fransa gibi k\u00fcresel fuarlarda oda ad\u0131na stant a\u00e7\u0131lmas\u0131n\u0131n kendileri i\u00e7in d\u00fcnya pazar\u0131na a\u00e7\u0131lan hayati bir f\u0131rsat oldu\u011funu vurgulayan esnaf ve t\u00fcccarlar, yeni sezon \u00f6ncesi moral depolad\u0131klar\u0131n\u0131 aktard\u0131.<\/p>\n","protected":false},"excerpt":{"rendered":"<p>(AYDIN \/ NAZ\u0130LL\u0130) Nazilli i\u015f d\u00fcnyas\u0131n\u0131n \u00e7at\u0131 kurulu\u015fu olan Nazilli Ticaret Odas\u0131 (NTO), b\u00f6lgenin en stratejik&#46;&#46;&#46;<\/p>\n","protected":false},"author":2,"featured_media":2410,"comment_status":"open","ping_status":"closed","sticky":false,"template":"","format":"standard","meta":{"footnotes":""},"categories":[145],"tags":[295,67,68,294],"manset":[],"bilesen":[],"class_list":["post-2408","post","type-post","status-publish","format-standard","has-post-thumbnail","hentry","category-kamu-kurum","tag-anuga-gida-fuari","tag-nazilli-ticaret-odasi","tag-nuri-arslan","tag-sial-fuari"],"_links":{"self":[{"href":"https:\/\/gazetedokuz.com\/index.php?rest_route=\/wp\/v2\/posts\/2408","targetHints":{"allow":["GET"]}}],"collection":[{"href":"https:\/\/gazetedokuz.com\/index.php?rest_route=\/wp\/v2\/posts"}],"about":[{"href":"https:\/\/gazetedokuz.com\/index.php?rest_route=\/wp\/v2\/types\/post"}],"author":[{"embeddable":true,"href":"https:\/\/gazetedokuz.com\/index.php?rest_route=\/wp\/v2\/users\/2"}],"replies":[{"embeddable":true,"href":"https:\/\/gazetedokuz.com\/index.php?rest_route=%2Fwp%2Fv2%2Fcomments&post=2408"}],"version-history":[{"count":1,"href":"https:\/\/gazetedokuz.com\/index.php?rest_route=\/wp\/v2\/posts\/2408\/revisions"}],"predecessor-version":[{"id":2412,"href":"https:\/\/gazetedokuz.com\/index.php?rest_route=\/wp\/v2\/posts\/2408\/revisions\/2412"}],"wp:featuredmedia":[{"embeddable":true,"href":"https:\/\/gazetedokuz.com\/index.php?rest_route=\/wp\/v2\/media\/2410"}],"wp:attachment":[{"href":"https:\/\/gazetedokuz.com\/index.php?rest_route=%2Fwp%2Fv2%2Fmedia&parent=2408"}],"wp:term":[{"taxonomy":"category","embeddable":true,"href":"https:\/\/gazetedokuz.com\/index.php?rest_route=%2Fwp%2Fv2%2Fcategories&post=2408"},{"taxonomy":"post_tag","embeddable":true,"href":"https:\/\/gazetedokuz.com\/index.php?rest_route=%2Fwp%2Fv2%2Ftags&post=2408"},{"taxonomy":"manset","embeddable":true,"href":"https:\/\/gazetedokuz.com\/index.php?rest_route=%2Fwp%2Fv2%2Fmanset&post=2408"},{"taxonomy":"bilesen","embeddable":true,"href":"https:\/\/gazetedokuz.com\/index.php?rest_route=%2Fwp%2Fv2%2Fbilesen&post=2408"}],"curies":[{"name":"wp","href":"https:\/\/api.w.org\/{rel}","templated":true}]}}