{"id":2404,"date":"2026-09-03T10:50:00","date_gmt":"2026-09-03T07:50:00","guid":{"rendered":"https:\/\/gazetedokuz.com\/?p=2404"},"modified":"2026-09-04T01:00:02","modified_gmt":"2026-09-03T22:00:02","slug":"baskan-cercioglu-kusadasi-sogucakta-196-milyonluk-projeyi-baslatti","status":"publish","type":"post","link":"https:\/\/gazetedokuz.com\/?p=2404","title":{"rendered":"Ba\u015fkan \u00c7er\u00e7io\u011flu, Ku\u015fadas\u0131\u2019nda 19,6 milyonluk projeyi ba\u015flatt\u0131"},"content":{"rendered":"\n<p class=\"wp-block-paragraph\"><strong>(AYDIN \/ KU\u015eADASI)<\/strong> Ayd\u0131n B\u00fcy\u00fck\u015fehir Belediye Ba\u015fkan\u0131 <strong>\u00d6zlem \u00c7er\u00e7io\u011flu<\/strong>\u2019nun \u00f6nc\u00fcl\u00fc\u011f\u00fcnde, kentin modern standartlara kavu\u015fmas\u0131 amac\u0131yla y\u00fcr\u00fct\u00fclen altyap\u0131 ve \u00fcstyap\u0131 yat\u0131r\u0131mlar\u0131 il genelinde kesintisiz s\u00fcr\u00fcyor.<\/p>\n\n\n\n<p class=\"wp-block-paragraph\">Ayd\u0131n Su ve Kanalizasyon \u0130daresi (ASK\u0130) ekiplerinin planl\u0131 stratejisi kapsam\u0131nda, Ku\u015fadas\u0131 il\u00e7esine ba\u011fl\u0131 So\u011fucak Mahallesi\u2019nde ilave kanalizasyon \u015febeke hatt\u0131 yap\u0131m i\u015fi resmen ba\u015flat\u0131ld\u0131. Vatanda\u015flar\u0131n ya\u015fam kalitesini do\u011frudan art\u0131racak proje i\u00e7in sahaya inen ekipler, mesai mefhumu g\u00f6zetmeksizin hummal\u0131 bir \u00e7al\u0131\u015fma y\u00fcr\u00fct\u00fcyor.<\/p>\n\n\n\n<p class=\"wp-block-paragraph\"><strong>GELECE\u011eE YATIRIM: 2 B\u0130N 820 METREL\u0130K YEN\u0130 KANAL\u0130ZASYON HATTI<\/strong><\/p>\n\n\n\n<p class=\"wp-block-paragraph\">B\u00f6lgenin co\u011frafi dinamikleri ve gelecekteki n\u00fcfus art\u0131\u015f\u0131 \u00f6ng\u00f6r\u00fclerek tasarlanan modern altyap\u0131 yat\u0131r\u0131m\u0131, So\u011fucak\u2019\u0131n kronikle\u015fen ihtiya\u00e7lar\u0131na kal\u0131c\u0131 \u00e7\u00f6z\u00fcmler \u00fcretecek. Kapsaml\u0131 imalat s\u00fcre\u00e7lerini i\u00e7eren dev yat\u0131r\u0131m\u0131n teknik detaylar\u0131 \u015fu \u015fekilde:<\/p>\n\n\n\n<ul class=\"wp-block-list\">\n<li><strong>2 bin 820 metre<\/strong> uzunlu\u011funda yeni \u015febeke hatt\u0131,<\/li>\n\n\n\n<li>Entegre sistem i\u00e7in kurulacak <strong>61 adet<\/strong> betonarme muayene bacas\u0131,<\/li>\n\n\n\n<li>\u00c7evre binalar\u0131n ba\u011flant\u0131s\u0131n\u0131 sa\u011flayacak <strong>60 adet<\/strong> parsel bacas\u0131.<\/li>\n<\/ul>\n\n\n\n<p class=\"wp-block-paragraph\"><strong>\u201c17 \u0130L\u00c7EM\u0130Z\u0130N TAMAMINDA YATIRIMLARIMIZA DEVAM ED\u0130YORUZ\u201d<\/strong><\/p>\n\n\n\n<p class=\"wp-block-paragraph\">Ku\u015fadas\u0131 ba\u015fta olmak \u00fczere t\u00fcm il\u00e7elerde altyap\u0131 ve \u00fcstyap\u0131 projelerinin e\u015f zamanl\u0131 olarak b\u00fcy\u00fcmeye devam edece\u011fini vurgulayan Ayd\u0131n B\u00fcy\u00fck\u015fehir Belediye Ba\u015fkan\u0131 <strong>\u00d6zlem \u00c7er\u00e7io\u011flu<\/strong>, kurumsal seferberlik vurgusu yapt\u0131. Hizmet kalitesini kesintisiz s\u00fcrd\u00fcreceklerini belirten Ba\u015fkan \u00c7er\u00e7io\u011flu, \u015fu ifadeleri kulland\u0131: <strong>\u201cAyd\u0131n\u0131m\u0131z\u0131n d\u00f6rt bir yan\u0131nda yat\u0131r\u0131m, proje, \u00e7al\u0131\u015fma ve hizmetlerimizi e\u015f zamanl\u0131 olarak s\u00fcrd\u00fcr\u00fcyoruz. 17 il\u00e7emizin tamam\u0131nda hem\u015fehrilerimizi yat\u0131r\u0131mlar\u0131m\u0131zla bulu\u015fturuyor, hizmetlerimize devam ediyoruz. Ayd\u0131n\u0131m\u0131z i\u00e7in \u00e7al\u0131\u015fmay\u0131 s\u00fcrd\u00fcrece\u011fiz. Hizmetle b\u00fcy\u00fcyen Ayd\u0131n.\u201d<\/strong><\/p>\n\n\n\n<p class=\"wp-block-paragraph\">Y\u0131llard\u0131r bekledikleri modern altyap\u0131 \u00e7al\u0131\u015fmas\u0131n\u0131n kendi mahallelerinde hayata ge\u00e7mesinden b\u00fcy\u00fck memnuniyet duyduklar\u0131n\u0131 ifade eden So\u011fucak sakinleri ise y\u00fcr\u00fctt\u00fc\u011f\u00fc icraat hamleleri i\u00e7in Ba\u015fkan \u00d6zlem \u00c7er\u00e7io\u011flu\u2019na te\u015fekk\u00fcrlerini ve \u015f\u00fckranlar\u0131n\u0131 iletti.<\/p>\n","protected":false},"excerpt":{"rendered":"<p>Ku\u015fadas\u0131 il\u00e7esinde altyap\u0131 yat\u0131r\u0131mlar\u0131na devam eden Ayd\u0131n B\u00fcy\u00fck\u015fehir Belediye Ba\u015fkan\u0131 \u00d6zlem \u00c7er\u00e7io\u011flu, So\u011fucak Mahallesi\u2019nin \u00e7ehresini de\u011fi\u015ftirecek kanalizasyon \u015febekesi i\u00e7in start verdi. K\u0131sa s\u00fcrede tamamlanacak proje mahalle halk\u0131ndan tam not ald\u0131.<\/p>\n","protected":false},"author":9,"featured_media":2407,"comment_status":"open","ping_status":"closed","sticky":false,"template":"","format":"standard","meta":{"footnotes":""},"categories":[53],"tags":[46,247,47,292],"manset":[],"bilesen":[],"class_list":["post-2404","post","type-post","status-publish","format-standard","has-post-thumbnail","hentry","category-yerel-yonetim","tag-aydin-buyuksehir-belediyesi","tag-aydin-su-ve-kanalizasyon-idaresi","tag-ozlem-cercioglu","tag-sogucak-mahallesi"],"_links":{"self":[{"href":"https:\/\/gazetedokuz.com\/index.php?rest_route=\/wp\/v2\/posts\/2404","targetHints":{"allow":["GET"]}}],"collection":[{"href":"https:\/\/gazetedokuz.com\/index.php?rest_route=\/wp\/v2\/posts"}],"about":[{"href":"https:\/\/gazetedokuz.com\/index.php?rest_route=\/wp\/v2\/types\/post"}],"author":[{"embeddable":true,"href":"https:\/\/gazetedokuz.com\/index.php?rest_route=\/wp\/v2\/users\/9"}],"replies":[{"embeddable":true,"href":"https:\/\/gazetedokuz.com\/index.php?rest_route=%2Fwp%2Fv2%2Fcomments&post=2404"}],"version-history":[{"count":2,"href":"https:\/\/gazetedokuz.com\/index.php?rest_route=\/wp\/v2\/posts\/2404\/revisions"}],"predecessor-version":[{"id":2406,"href":"https:\/\/gazetedokuz.com\/index.php?rest_route=\/wp\/v2\/posts\/2404\/revisions\/2406"}],"wp:featuredmedia":[{"embeddable":true,"href":"https:\/\/gazetedokuz.com\/index.php?rest_route=\/wp\/v2\/media\/2407"}],"wp:attachment":[{"href":"https:\/\/gazetedokuz.com\/index.php?rest_route=%2Fwp%2Fv2%2Fmedia&parent=2404"}],"wp:term":[{"taxonomy":"category","embeddable":true,"href":"https:\/\/gazetedokuz.com\/index.php?rest_route=%2Fwp%2Fv2%2Fcategories&post=2404"},{"taxonomy":"post_tag","embeddable":true,"href":"https:\/\/gazetedokuz.com\/index.php?rest_route=%2Fwp%2Fv2%2Ftags&post=2404"},{"taxonomy":"manset","embeddable":true,"href":"https:\/\/gazetedokuz.com\/index.php?rest_route=%2Fwp%2Fv2%2Fmanset&post=2404"},{"taxonomy":"bilesen","embeddable":true,"href":"https:\/\/gazetedokuz.com\/index.php?rest_route=%2Fwp%2Fv2%2Fbilesen&post=2404"}],"curies":[{"name":"wp","href":"https:\/\/api.w.org\/{rel}","templated":true}]}}