{"id":2400,"date":"2026-09-03T15:41:00","date_gmt":"2026-09-03T12:41:00","guid":{"rendered":"https:\/\/gazetedokuz.com\/?p=2400"},"modified":"2026-09-04T00:34:16","modified_gmt":"2026-09-03T21:34:16","slug":"milletvekili-kilic-soru-onergesi-verdi-incir-planini-sordu","status":"publish","type":"post","link":"https:\/\/gazetedokuz.com\/?p=2400","title":{"rendered":"Milletvekili K\u0131l\u0131\u00e7 soru \u00f6nergesi verdi, \u2018\u0130ncir Plan\u0131\u2019n\u0131 sordu"},"content":{"rendered":"\n<p class=\"wp-block-paragraph\"><strong>(AYDIN \/ BOZDO\u011eAN)<\/strong> Ayd\u0131n\u2019\u0131n Bozdo\u011fan il\u00e7esinde yerel ekonominin can damar\u0131 olan incir sekt\u00f6r\u00fcnde ya\u015fanan pazar daralmas\u0131, fiyat istikrars\u0131zl\u0131\u011f\u0131 ve \u00fcretici talepleri T\u00fcrkiye B\u00fcy\u00fck Millet Meclisi\u2019nin (TBMM) g\u00fcndemine girdi.<\/p>\n\n\n\n<p class=\"wp-block-paragraph\">Saadet Partisi Bozdo\u011fan \u0130l\u00e7e Ba\u015fkan\u0131 Talha Kayao\u011fullar\u0131\u2019n\u0131n ge\u00e7ti\u011fimiz g\u00fcnlerde idari y\u00f6netimiyle birlikte Seki ve Ye\u015fil Yenice mahallelerinde ger\u00e7ekle\u015ftirdi\u011fi saha \u00e7al\u0131\u015fmalar\u0131n\u0131n ard\u0131ndan, \u00fcreticiden y\u00fckselen ses Ankara\u2019da kar\u015f\u0131l\u0131k buldu.<\/p>\n\n\n\n<p class=\"wp-block-paragraph\">Kayao\u011fullar\u0131\u2019n\u0131n sahada bizzat tespit etti\u011fi ve raporla\u015ft\u0131rd\u0131\u011f\u0131 sorunlar, Saadet Partisi Antalya Milletvekili ve TBMM Tar\u0131m, Orman ve K\u00f6yi\u015fleri Komisyonu \u00dcyesi \u015eerafettin K\u0131l\u0131\u00e7 taraf\u0131ndan Meclis ba\u015fkanl\u0131\u011f\u0131na sunulan resmi bir \u00f6nergeye d\u00f6n\u00fc\u015ft\u00fc. Tar\u0131m ve Orman Bakan\u0131 \u0130brahim Yumakl\u0131\u2019n\u0131n cevapland\u0131rmas\u0131 istemiyle haz\u0131rlanan 12 maddelik yaz\u0131l\u0131 soru \u00f6nergesiyle birlikte, Saadet Partisi Bozdo\u011fan\u2019\u0131n sorunlar\u0131n\u0131 alt\u0131nc\u0131 kez TBMM g\u00fcndemine ta\u015f\u0131m\u0131\u015f oldu.<\/p>\n\n\n\n<figure class=\"wp-block-gallery has-nested-images columns-default is-cropped wp-block-gallery-1 is-layout-flex wp-block-gallery-is-layout-flex\">\n<figure class=\"wp-block-image size-large\"><img loading=\"lazy\" decoding=\"async\" width=\"1024\" height=\"683\" data-id=\"2402\" src=\"https:\/\/gazetedokuz.com\/wp-content\/uploads\/2026\/09\/SP-talhakayaogullari-serafettinkilic-1024x683.jpeg\" alt=\"\" class=\"wp-image-2402\" srcset=\"https:\/\/gazetedokuz.com\/wp-content\/uploads\/2026\/09\/SP-talhakayaogullari-serafettinkilic-1024x683.jpeg 1024w, https:\/\/gazetedokuz.com\/wp-content\/uploads\/2026\/09\/SP-talhakayaogullari-serafettinkilic-300x200.jpeg 300w, https:\/\/gazetedokuz.com\/wp-content\/uploads\/2026\/09\/SP-talhakayaogullari-serafettinkilic-768x512.jpeg 768w, https:\/\/gazetedokuz.com\/wp-content\/uploads\/2026\/09\/SP-talhakayaogullari-serafettinkilic-282x188.jpeg 282w, https:\/\/gazetedokuz.com\/wp-content\/uploads\/2026\/09\/SP-talhakayaogullari-serafettinkilic.jpeg 1200w\" sizes=\"auto, (max-width: 1024px) 100vw, 1024px\" \/><\/figure>\n<\/figure>\n\n\n\n<p class=\"wp-block-paragraph\"><strong>\u201c\u00dcRET\u0130C\u0130M\u0130Z\u0130N SES\u0130N\u0130 ANKARA\u2019DA YANKILANDIRDIK\u201d<\/strong><\/p>\n\n\n\n<p class=\"wp-block-paragraph\">Saha \u00e7al\u0131\u015fmalar\u0131nda elde ettikleri verilerin ve \u00fcretici taleplerinin takip\u00e7isi olduklar\u0131n\u0131 belirten Saadet Partisi Bozdo\u011fan \u0130l\u00e7e Ba\u015fkan\u0131 Talha Kayao\u011fullar\u0131, konuya ili\u015fkin yapt\u0131\u011f\u0131 a\u00e7\u0131klamada \u015fu ifadelere yer verdi: <strong>\u201cSeki ve Ye\u015fil Yenice Mahallelerimizde ger\u00e7ekle\u015ftirdi\u011fimiz saha \u00e7al\u0131\u015fmalar\u0131nda incir \u00fcreticilerimizle bir araya gelerek ya\u015fad\u0131klar\u0131 sorunlar\u0131 ve taleplerini yerinde dinlemi\u015ftik. \u00dcreticilerimizin bizlere iletti\u011fi fiyat d\u00fc\u015f\u00fckl\u00fc\u011f\u00fc, ihracat engelleri, sera deste\u011fi ve faizsiz kredi gibi acil \u00e7\u00f6z\u00fcm bekleyen talepleri, Saadet Partisi Antalya Milletvekilimiz ve Tar\u0131m, Orman ve K\u00f6yi\u015fleri Komisyonu \u00dcyesi Say\u0131n \u015eerafettin K\u0131l\u0131\u00e7 ile yapt\u0131\u011f\u0131m\u0131z g\u00f6r\u00fc\u015fmede kendisine aktard\u0131k. Bug\u00fcn ise Say\u0131n \u015eerafettin K\u0131l\u0131\u00e7 taraf\u0131ndan, Tar\u0131m ve Orman Bakan\u0131 Say\u0131n \u0130brahim Yumakl\u0131\u2019n\u0131n cevapland\u0131rmas\u0131 istemiyle haz\u0131rlanan 12 maddelik yaz\u0131l\u0131 soru \u00f6nergesi TBMM Ba\u015fkanl\u0131\u011f\u0131\u2019na sunuldu. Bu \u00f6nergeyle birlikte, Bozdo\u011fan\u2019\u0131n sorunlar\u0131n\u0131 ve taleplerini TBMM g\u00fcndemine ta\u015f\u0131d\u0131\u011f\u0131m\u0131z alt\u0131nc\u0131 yaz\u0131l\u0131 soru \u00f6nergemizi sunmu\u015f olduk. Sahada dinledi\u011fimiz sorunlar\u0131n Meclis g\u00fcndemine ta\u015f\u0131nmas\u0131na katk\u0131 sunan Milletvekilimiz Say\u0131n \u015eerafettin K\u0131l\u0131\u00e7\u2019a \u00fcreticilerimiz ad\u0131na te\u015fekk\u00fcr ediyorum.\u201d<\/strong><\/p>\n\n\n\n<p class=\"wp-block-paragraph\"><strong>\u0130\u015eTE MECL\u0130S BA\u015eKANLI\u011eI\u2019NA SUNULAN \u00d6NERGEDE YER ALAN 12 SORU<\/strong><\/p>\n\n\n\n<p class=\"wp-block-paragraph\"><strong><em>1.<\/em><\/strong> <em>Ayd\u0131n\u2019da incir \u00fcretimi yap\u0131lan il\u00e7eler baz\u0131nda son be\u015f y\u0131la ait <strong>\u00fcretici say\u0131s\u0131, \u00fcretim alan\u0131, a\u011fa\u00e7 say\u0131s\u0131 ve \u00fcretim miktar\u0131<\/strong> nedir? Bu verilerde y\u0131llar itibar\u0131yla nas\u0131l bir de\u011fi\u015fim ya\u015fanm\u0131\u015ft\u0131r?<\/em><\/p>\n\n\n\n<p class=\"wp-block-paragraph\"><strong><em>2.<\/em><\/strong> <em>2026 y\u0131l\u0131 itibar\u0131yla Ayd\u0131n\u2019da incir \u00fcretiminin kilogram ba\u015f\u0131na ortalama maliyeti Bakanl\u0131\u011f\u0131n\u0131z taraf\u0131ndan hesaplanm\u0131\u015f m\u0131d\u0131r? <strong>G\u00fcbre, zirai ila\u00e7, i\u015f\u00e7ilik, sulama, enerji, hasat, kurutma ve ta\u015f\u0131ma giderlerindeki<\/strong> art\u0131\u015flar\u0131n \u00fcretici gelirine etkisi konusunda herhangi bir \u00e7al\u0131\u015fma yap\u0131lm\u0131\u015f m\u0131d\u0131r?<\/em><\/p>\n\n\n\n<p class=\"wp-block-paragraph\"><strong><em>3.<\/em><\/strong> <em>2025\/2026 sezonunda Ayd\u0131n\u2019da ger\u00e7ekle\u015fen ortalama \u00fcretici fiyat\u0131 ile incirin kilogram ba\u015f\u0131na \u00fcretim maliyeti aras\u0131ndaki fark Bakanl\u0131\u011f\u0131n\u0131z taraf\u0131ndan incelenmi\u015f midir? \u00dcreticinin maliyetlerinin alt\u0131nda veya maliyetlere yak\u0131n fiyatlarla \u00fcr\u00fcn satmak zorunda kalmas\u0131n\u0131 \u00f6nleyecek bir <strong>referans fiyat, al\u0131m veya piyasa d\u00fczenleme mekanizmas\u0131<\/strong> olu\u015fturulmas\u0131 planlanmakta m\u0131d\u0131r?<\/em><\/p>\n\n\n\n<p class=\"wp-block-paragraph\"><strong><em>4.<\/em><\/strong> <em>\u0130ncir \u00fcreticilerine sa\u011flanan mevcut desteklerin son be\u015f y\u0131ldaki toplam tutar\u0131 Ayd\u0131n ve T\u00fcrkiye geneli i\u00e7in y\u0131llar itibar\u0131yla ne kadard\u0131r? Artan maliyetler ve 2026 y\u0131l\u0131 \u00fcretim ko\u015fullar\u0131 dikkate al\u0131narak <strong>incire \u00f6zg\u00fc ilave bir destekleme modeli<\/strong> uygulanmas\u0131 planlanmakta m\u0131d\u0131r?<\/em><\/p>\n\n\n\n<p class=\"wp-block-paragraph\"><strong><em>5.<\/em><\/strong> <em>\u00dcreticilerin hasat d\u00f6neminde finansman ihtiyac\u0131 nedeniyle \u00fcr\u00fcnlerini d\u00fc\u015f\u00fck fiyatlardan satmak zorunda kalmalar\u0131n\u0131 \u00f6nlemek amac\u0131yla <strong>faizsiz kredi, \u00fcr\u00fcn teminatl\u0131 finansman ya da lisansl\u0131 depoculuk destekleri<\/strong> konusunda Bakanl\u0131\u011f\u0131n\u0131z\u0131n y\u00fcr\u00fctt\u00fc\u011f\u00fc bir \u00e7al\u0131\u015fma bulunmakta m\u0131d\u0131r?<\/em><\/p>\n\n\n\n<p class=\"wp-block-paragraph\"><strong><em>6.<\/em><\/strong> <em>Ayd\u0131n\u2019daki incir \u00fcreticilerinin hasat, kurutma, depolama ve paketleme s\u00fcre\u00e7lerinde ya\u015fad\u0131\u011f\u0131 altyap\u0131 eksikliklerinin giderilmesi amac\u0131yla <strong>ortak kurutma, depo, so\u011fuk hava ve paketleme tesislerinin<\/strong> kurulmas\u0131na y\u00f6nelik \u00f6zel bir destek program\u0131 olu\u015fturulmas\u0131 planlanmakta m\u0131d\u0131r?<\/em><\/p>\n\n\n\n<p class=\"wp-block-paragraph\"><strong><em>7.<\/em><\/strong> <em>Aflatoksin ve okratoksin nedeniyle \u00fcr\u00fcn kay\u0131plar\u0131n\u0131n ve ihracat sorunlar\u0131n\u0131n azalt\u0131lmas\u0131 amac\u0131yla Ayd\u0131n\u2019da y\u00fcr\u00fct\u00fclen denetim, e\u011fitim ve teknik destek \u00e7al\u0131\u015fmalar\u0131n\u0131n sonu\u00e7lar\u0131 nelerdir? 2025\/2026 sezonunda bu nedenlerle <strong>ihracattan geri d\u00f6nen veya imha edilen incir miktar\u0131<\/strong> ne kadard\u0131r?<\/em><\/p>\n\n\n\n<p class=\"wp-block-paragraph\"><strong><em>8.<\/em><\/strong> <em>\u0130ncir \u00fcretiminde kritik \u00f6neme sahip <strong>ilek temini ve sevkiyat\u0131nda<\/strong> ya\u015fanan sorunlar\u0131n giderilmesi, kaliteli ile\u011fe zaman\u0131nda eri\u015fimin sa\u011flanmas\u0131 ve ilek hareketlili\u011finin etkin bi\u00e7imde denetlenmesi amac\u0131yla Bakanl\u0131\u011f\u0131n\u0131zca y\u00fcr\u00fct\u00fclen \u00e7al\u0131\u015fmalar nelerdir?<\/em><\/p>\n\n\n\n<p class=\"wp-block-paragraph\"><strong><em>9.<\/em><\/strong> <em>Kurakl\u0131k, a\u015f\u0131r\u0131 s\u0131cakl\u0131k, d\u00fczensiz ya\u011f\u0131\u015f ve di\u011fer iklim kaynakl\u0131 risklerin Ayd\u0131n\u2019daki incir \u00fcretimine etkisi konusunda Bakanl\u0131\u011f\u0131n\u0131z taraf\u0131ndan haz\u0131rlanm\u0131\u015f bir risk analizi bulunmakta m\u0131d\u0131r? \u0130ncir bah\u00e7elerinin iklim de\u011fi\u015fikli\u011fine uyumunu sa\u011flamak amac\u0131yla <strong>sulama, hastal\u0131k ve zararl\u0131 m\u00fccadelesi, verimlilik ve dayan\u0131kl\u0131 \u00e7e\u015fit geli\u015ftirme<\/strong> konular\u0131nda hangi \u00e7al\u0131\u015fmalar y\u00fcr\u00fct\u00fclmektedir?<\/em><\/p>\n\n\n\n<p class=\"wp-block-paragraph\"><strong><em>10.<\/em><\/strong> <em>T\u00fcrkiye\u2019nin kuru incir ihracat\u0131n\u0131n s\u00fcrd\u00fcr\u00fclebilirli\u011finin sa\u011flanmas\u0131 ve Ayd\u0131n incirinin uluslararas\u0131 pazarlardaki rekabet g\u00fcc\u00fcn\u00fcn korunmas\u0131 amac\u0131yla yeni pazarlar\u0131n geli\u015ftirilmesi, mevcut pazarlar\u0131n korunmas\u0131 ve ithalat\u00e7\u0131 \u00fclkelerin artan kalite standartlar\u0131na uyum konusunda hangi \u00e7al\u0131\u015fmalar y\u00fcr\u00fct\u00fclmektedir? <strong>G\u00fcmr\u00fck ve d\u0131\u015f ticaret uygulamalar\u0131n\u0131n \u00fcretici ve ihracat\u00e7\u0131 \u00fczerindeki etkileri<\/strong> analiz edilmekte midir?<\/em><\/p>\n\n\n\n<p class=\"wp-block-paragraph\"><strong><em>11.<\/em><\/strong> <em>Ayd\u0131n incirinin katma de\u011ferinin art\u0131r\u0131lmas\u0131 amac\u0131yla kuru incirin yan\u0131 s\u0131ra i\u015flenmi\u015f, paketlenmi\u015f ve markal\u0131 \u00fcr\u00fcnlerin \u00fcretim ve ihracat\u0131n\u0131n geli\u015ftirilmesine y\u00f6nelik <strong>\u00fcreticilere, kooperatiflere ve i\u015fletmelere \u00f6zel destekler<\/strong> sa\u011flanmas\u0131 planlanmakta m\u0131d\u0131r?<\/em><\/p>\n\n\n\n<p class=\"wp-block-paragraph\"><strong><em>12.<\/em><\/strong> <em>Ayd\u0131n\u2019\u0131n incir \u00fcretimindeki stratejik konumu dikkate al\u0131narak; \u00fcretim maliyetlerinin azalt\u0131lmas\u0131, \u00fcretici gelirlerinin korunmas\u0131, kalite ve g\u0131da g\u00fcvenli\u011finin art\u0131r\u0131lmas\u0131, hasat sonras\u0131 kay\u0131plar\u0131n \u00f6nlenmesi, iklim de\u011fi\u015fikli\u011fine uyum ve ihracat\u0131n geli\u015ftirilmesini kapsayan <strong>Ayd\u0131n \u0130ncir Eylem Plan\u0131 veya Ulusal \u0130ncir Stratejisi<\/strong> haz\u0131rlanmas\u0131 konusunda Bakanl\u0131\u011f\u0131n\u0131z\u0131n bir \u00e7al\u0131\u015fmas\u0131 bulunmakta m\u0131d\u0131r?<\/em><\/p>\n","protected":false},"excerpt":{"rendered":"<p>Saadet Partisi Bozdo\u011fan \u0130l\u00e7e \u00d6rg\u00fct\u00fc&#8217;n\u00fcn Seki ve Ye\u015fil Yenice mahallelerindeki saha raporu, Ankara&#8217;da dev bir meclis hamlesine d\u00f6n\u00fc\u015ft\u00fc. Antalya Milletvekili \u015eerafettin K\u0131l\u0131\u00e7, pazar daralmas\u0131 ve maliyet y\u00fck\u00fc alt\u0131nda ezilen Ayd\u0131nl\u0131 \u00fcreticilerin haklar\u0131n\u0131 korumak ad\u0131na Tar\u0131m ve Orman Bakan\u0131 \u0130brahim Yumakl\u0131&#8217;n\u0131n cevaplamas\u0131 istemiyle TBMM Ba\u015fkanl\u0131\u011f\u0131&#8217;na 12 maddelik yaz\u0131l\u0131 soru \u00f6nergesi sundu.<\/p>\n","protected":false},"author":2,"featured_media":2401,"comment_status":"open","ping_status":"closed","sticky":false,"template":"","format":"standard","meta":{"footnotes":""},"categories":[6],"tags":[291,290,269],"manset":[],"bilesen":[],"class_list":["post-2400","post","type-post","status-publish","format-standard","has-post-thumbnail","hentry","category-siyaset","tag-sp-antalya-milletvekili-serafettin-kilic","tag-sp-bozdogan-ilce-baskanligi","tag-talha-kayaogullari"],"_links":{"self":[{"href":"https:\/\/gazetedokuz.com\/index.php?rest_route=\/wp\/v2\/posts\/2400","targetHints":{"allow":["GET"]}}],"collection":[{"href":"https:\/\/gazetedokuz.com\/index.php?rest_route=\/wp\/v2\/posts"}],"about":[{"href":"https:\/\/gazetedokuz.com\/index.php?rest_route=\/wp\/v2\/types\/post"}],"author":[{"embeddable":true,"href":"https:\/\/gazetedokuz.com\/index.php?rest_route=\/wp\/v2\/users\/2"}],"replies":[{"embeddable":true,"href":"https:\/\/gazetedokuz.com\/index.php?rest_route=%2Fwp%2Fv2%2Fcomments&post=2400"}],"version-history":[{"count":1,"href":"https:\/\/gazetedokuz.com\/index.php?rest_route=\/wp\/v2\/posts\/2400\/revisions"}],"predecessor-version":[{"id":2403,"href":"https:\/\/gazetedokuz.com\/index.php?rest_route=\/wp\/v2\/posts\/2400\/revisions\/2403"}],"wp:featuredmedia":[{"embeddable":true,"href":"https:\/\/gazetedokuz.com\/index.php?rest_route=\/wp\/v2\/media\/2401"}],"wp:attachment":[{"href":"https:\/\/gazetedokuz.com\/index.php?rest_route=%2Fwp%2Fv2%2Fmedia&parent=2400"}],"wp:term":[{"taxonomy":"category","embeddable":true,"href":"https:\/\/gazetedokuz.com\/index.php?rest_route=%2Fwp%2Fv2%2Fcategories&post=2400"},{"taxonomy":"post_tag","embeddable":true,"href":"https:\/\/gazetedokuz.com\/index.php?rest_route=%2Fwp%2Fv2%2Ftags&post=2400"},{"taxonomy":"manset","embeddable":true,"href":"https:\/\/gazetedokuz.com\/index.php?rest_route=%2Fwp%2Fv2%2Fmanset&post=2400"},{"taxonomy":"bilesen","embeddable":true,"href":"https:\/\/gazetedokuz.com\/index.php?rest_route=%2Fwp%2Fv2%2Fbilesen&post=2400"}],"curies":[{"name":"wp","href":"https:\/\/api.w.org\/{rel}","templated":true}]}}