{"id":2397,"date":"2026-09-02T20:39:00","date_gmt":"2026-09-02T17:39:00","guid":{"rendered":"https:\/\/gazetedokuz.com\/?p=2397"},"modified":"2026-09-03T04:54:07","modified_gmt":"2026-09-03T01:54:07","slug":"chpli-baskan-atmaca-hakarete-asla-boyun-egmeyecegiz","status":"publish","type":"post","link":"https:\/\/gazetedokuz.com\/?p=2397","title":{"rendered":"CHP\u2019li Ba\u015fkan Atmaca: \u201cHakarete asla boyun e\u011fmeyece\u011fiz!\u201d"},"content":{"rendered":"\n<p class=\"wp-block-paragraph\">Sosyal medyadaki dijital \u015fiddet ve siyasilere y\u00f6nelik hakaret i\u00e7erikli payla\u015f\u0131mlar, yerel siyasette gerilimi t\u0131rmand\u0131rd\u0131.<\/p>\n\n\n\n<p class=\"wp-block-paragraph\">Cumhuriyet Halk Partisi (CHP) Nazilli \u0130l\u00e7e Ba\u015fkan\u0131 Naim Atmaca, partinin Gen\u00e7lik Kollar\u0131 Genel Ba\u015fkan\u0131 Berfin Kara\u2019n\u0131n sosyal medya hesab\u0131ndan payla\u015ft\u0131\u011f\u0131 bir videonun alt\u0131na yap\u0131lan cinsiyet\u00e7i ve hakaretvari yoruma sert bir dille isyan etti.<\/p>\n\n\n\n<p class=\"wp-block-paragraph\">Yaz\u0131l\u0131 bir a\u00e7\u0131klama yay\u0131mlayarak takip\u00e7ilerinden \u00f6z\u00fcr dileyen ancak ahlak s\u0131n\u0131rlar\u0131n\u0131 zorlayan bu duruma sessiz kalmayaca\u011f\u0131n\u0131 belirten Atmaca, ele\u015ftiri ad\u0131 alt\u0131nda kad\u0131nlara y\u00f6nelik yap\u0131lan sald\u0131r\u0131lar\u0131n kar\u015f\u0131s\u0131nda duracaklar\u0131n\u0131 vurgulad\u0131.<\/p>\n\n\n\n<p class=\"wp-block-paragraph\"><strong>\u201c\u00d6Z\u00dcR D\u0130LEYEREK S\u00d6ZE BA\u015eLADI, AHLAK YOKSUNLARINA HADD\u0130N\u0130 B\u0130LD\u0130RD\u0130\u201d<\/strong><\/p>\n\n\n\n<p class=\"wp-block-paragraph\">A\u00e7\u0131klamas\u0131na sosyal medyadaki takip\u00e7ilerinden \u00f6z\u00fcr dileyerek ba\u015flayan ve ele\u015ftiri mahiyetini a\u015fan hakaretlere bug\u00fcne kadar cevap vermedi\u011fini hat\u0131rlatan \u0130l\u00e7e Ba\u015fkan\u0131 Naim Atmaca, sabr\u0131n\u0131n ta\u015ft\u0131\u011f\u0131n\u0131 belirterek \u015fu sert ifadeleri kulland\u0131: <strong>\u201cDe\u011ferli dostlar, son g\u00fcnlerde ele\u015ftiri mahiyetini a\u015fan, hakarete varan sosyal medya payla\u015f\u0131mlar\u0131na cevap verme gere\u011fi duymad\u0131m. Fakat baz\u0131 kendini bilmez, ahlak yoksunu insanlara da haddini bildirmek gerekir diye d\u00fc\u015f\u00fcn\u00fcyorum. \u00d6zellikle gen\u00e7lik kollar\u0131 genel ba\u015fkan\u0131m\u0131z Berfin Kara\u2019n\u0131n haberinin alt\u0131na yorum yazan bu hadsiz, ki\u015filik yoksunu \u015fahsa \u015funu sormak isterim: Birisi sizin e\u015finize, k\u0131z\u0131n\u0131za veya annenize \u2018sizin her taraf\u0131n\u0131z kirli\u2019 diye yorum yazsa \u00e7ok mu ho\u015funuza gider?\u201d<\/strong><\/p>\n\n\n\n<p class=\"wp-block-paragraph\"><strong>\u201cELE\u015eT\u0130R\u0130 ADI ALTINDA HAKARETE BOYUN E\u011eMEK B\u0130Z\u0130M K\u0130TABIMIZDA YOK\u201d<\/strong><\/p>\n\n\n\n<p class=\"wp-block-paragraph\">Kad\u0131n kimli\u011fine y\u00f6nelik yap\u0131lan bu tarz \u00fcslupsuz yakla\u015f\u0131mlar\u0131n toplumsal ahlaka ayk\u0131r\u0131 oldu\u011funun alt\u0131n\u0131 \u00e7izen Atmaca, yap\u0131lan \u00e7irkin yoruma kar\u015f\u0131 tepkisini \u015fu s\u00f6zlerle noktalad\u0131:<br><strong>\u201cBelki sizin ho\u015funuza gidiyor olabilir ama sizin yak\u0131nlar\u0131n\u0131za b\u00f6yle hakaret eden kim olursa olsun \u00f6nce ben bu ahlaks\u0131zl\u0131\u011f\u0131n kar\u015f\u0131s\u0131nda dururum. Ne demek ya bir bayana \u2018sizin her taraf\u0131n\u0131z kirli\u2019 demek? Hadsizsin, terbiyesizsin ve ahlak yoksunu birisin. Kimse kusura bakmas\u0131n; ele\u015ftiri ad\u0131 alt\u0131nda hakarete asla boyun e\u011fmek bizim kitab\u0131m\u0131zda yok. Herkes haddini de hakk\u0131n\u0131 da bilmeli. Bu b\u00f6yle biline&#8230;\u201d<\/strong><\/p>\n","protected":false},"excerpt":{"rendered":"<p>Gen\u00e7lik Kollar\u0131 Genel Ba\u015fkan\u0131 Berfin Kara\u2019ya sosyal medyadan yap\u0131lan \u00e7irkin yoruma isyan eden CHP Nazilli \u0130l\u00e7e Ba\u015fkan\u0131 Naim Atmaca, yay\u0131mlad\u0131\u011f\u0131 sert a\u00e7\u0131klamayla kad\u0131nlara y\u00f6nelik hakaretlerin kar\u015f\u0131s\u0131nda kale gibi duracaklar\u0131n\u0131 belirtti.<\/p>\n","protected":false},"author":2,"featured_media":2398,"comment_status":"open","ping_status":"closed","sticky":false,"template":"","format":"standard","meta":{"footnotes":""},"categories":[1],"tags":[160,161],"manset":[],"bilesen":[],"class_list":["post-2397","post","type-post","status-publish","format-standard","has-post-thumbnail","hentry","category-uncategorized","tag-chp-nazilli-ilce-baskanligi","tag-naim-atmaca"],"_links":{"self":[{"href":"https:\/\/gazetedokuz.com\/index.php?rest_route=\/wp\/v2\/posts\/2397","targetHints":{"allow":["GET"]}}],"collection":[{"href":"https:\/\/gazetedokuz.com\/index.php?rest_route=\/wp\/v2\/posts"}],"about":[{"href":"https:\/\/gazetedokuz.com\/index.php?rest_route=\/wp\/v2\/types\/post"}],"author":[{"embeddable":true,"href":"https:\/\/gazetedokuz.com\/index.php?rest_route=\/wp\/v2\/users\/2"}],"replies":[{"embeddable":true,"href":"https:\/\/gazetedokuz.com\/index.php?rest_route=%2Fwp%2Fv2%2Fcomments&post=2397"}],"version-history":[{"count":1,"href":"https:\/\/gazetedokuz.com\/index.php?rest_route=\/wp\/v2\/posts\/2397\/revisions"}],"predecessor-version":[{"id":2399,"href":"https:\/\/gazetedokuz.com\/index.php?rest_route=\/wp\/v2\/posts\/2397\/revisions\/2399"}],"wp:featuredmedia":[{"embeddable":true,"href":"https:\/\/gazetedokuz.com\/index.php?rest_route=\/wp\/v2\/media\/2398"}],"wp:attachment":[{"href":"https:\/\/gazetedokuz.com\/index.php?rest_route=%2Fwp%2Fv2%2Fmedia&parent=2397"}],"wp:term":[{"taxonomy":"category","embeddable":true,"href":"https:\/\/gazetedokuz.com\/index.php?rest_route=%2Fwp%2Fv2%2Fcategories&post=2397"},{"taxonomy":"post_tag","embeddable":true,"href":"https:\/\/gazetedokuz.com\/index.php?rest_route=%2Fwp%2Fv2%2Ftags&post=2397"},{"taxonomy":"manset","embeddable":true,"href":"https:\/\/gazetedokuz.com\/index.php?rest_route=%2Fwp%2Fv2%2Fmanset&post=2397"},{"taxonomy":"bilesen","embeddable":true,"href":"https:\/\/gazetedokuz.com\/index.php?rest_route=%2Fwp%2Fv2%2Fbilesen&post=2397"}],"curies":[{"name":"wp","href":"https:\/\/api.w.org\/{rel}","templated":true}]}}