{"id":2392,"date":"2026-09-02T18:25:00","date_gmt":"2026-09-02T15:25:00","guid":{"rendered":"https:\/\/gazetedokuz.com\/?p=2392"},"modified":"2026-09-03T03:26:51","modified_gmt":"2026-09-03T00:26:51","slug":"baskan-ozlem-cercioglu-aydinin-yollarini-yenilemeye-devam-ediyor","status":"publish","type":"post","link":"https:\/\/gazetedokuz.com\/?p=2392","title":{"rendered":"Ba\u015fkan \u00d6zlem \u00c7er\u00e7io\u011flu Ayd\u0131n\u2019\u0131n yollar\u0131n\u0131 yenilemeye devam ediyor"},"content":{"rendered":"\n<p class=\"wp-block-paragraph\">\u0130l genelinde b\u00fcy\u00fck bir yol yap\u0131m ve onar\u0131m ata\u011f\u0131 ba\u015flatan Ayd\u0131n B\u00fcy\u00fck\u015fehir Belediye Ba\u015fkan\u0131 \u00d6zlem \u00c7er\u00e7io\u011flu, 17 il\u00e7enin tamam\u0131nda e\u015f zamanl\u0131 projeler y\u00fcr\u00fctt\u00fcklerini a\u00e7\u0131klad\u0131. Ekipler, merkezlerin yan\u0131 s\u0131ra k\u0131rsal mahalle yollar\u0131nda da zemin g\u00fc\u00e7lendirme yap\u0131yor.<\/p>\n\n\n\n<p class=\"wp-block-paragraph\">Ayd\u0131n B\u00fcy\u00fck\u015fehir Belediyesi, modern \u015fehircilik vizyonu do\u011frultusunda vatanda\u015flar\u0131n ula\u015f\u0131m kalitesini y\u00fckseltmek ve kentin yol a\u011f\u0131n\u0131 g\u00fc\u00e7lendirmek amac\u0131yla il genelinde dev bir \u00fcstyap\u0131 seferberli\u011fi ba\u015flatt\u0131.<\/p>\n\n\n\n<p class=\"wp-block-paragraph\">Fen \u0130\u015fleri Dairesi Ba\u015fkanl\u0131\u011f\u0131 Yol Yap\u0131m ve Bak\u0131m \u015eube M\u00fcd\u00fcrl\u00fc\u011f\u00fc ekipleri taraf\u0131ndan koordineli \u015fekilde y\u00fcr\u00fct\u00fclen \u00e7al\u0131\u015fmalar kapsam\u0131nda, merkez il\u00e7elerden k\u0131rsal mahallelere kadar onlarca farkl\u0131 noktada hummal\u0131 bir mesai ger\u00e7ekle\u015ftiriliyor.<\/p>\n\n\n\n<p class=\"wp-block-paragraph\">Yat\u0131r\u0131mlarla yollar\u0131n zeminleri ba\u015ftan a\u015fa\u011f\u0131 yenilenirken, trafik emniyetini en \u00fcst seviyeye \u00e7\u0131karacak \u015ferit ve kav\u015fak d\u00fczenlemeleri de e\u015f zamanl\u0131 olarak hayata ge\u00e7iriliyor.<\/p>\n\n\n\n<p class=\"wp-block-paragraph\"><strong>BULVARLARDAN KIRSAL MAHALLELERE HUMMALI \u00c7ALI\u015eMA<\/strong><\/p>\n\n\n\n<p class=\"wp-block-paragraph\">B\u00fcy\u00fck\u015fehir ekiplerinin koordineli olarak sahada oldu\u011fu ve yol y\u00fczeylerini yeniledi\u011fi g\u00fcncel \u00e7al\u0131\u015fma noktalar\u0131 il\u00e7e il\u00e7e \u015fu \u015fekilde s\u0131raland\u0131:<\/p>\n\n\n\n<ul class=\"wp-block-list\">\n<li><strong>Nazilli:<\/strong> 77. Sokak ile A\u015fa\u011f\u0131yakac\u0131k, Kocakesik ve Ovac\u0131k mahalleleri,<\/li>\n\n\n\n<li><strong>Bozdo\u011fan &amp; Nazilli Aks\u0131:<\/strong> Be\u011ferli ile Yaz\u0131kent mahalleleri aras\u0131ndaki ba\u011flant\u0131 yolu,<\/li>\n\n\n\n<li><strong>Bozdo\u011fan:<\/strong> Atat\u00fcrk Caddesi ile Konakl\u0131, Madran ve Kazandere mahalleleri,<\/li>\n\n\n\n<li><strong>Efeler:<\/strong> A1 kanal yolu, Kemer Mezarl\u0131\u011f\u0131, Elizdere K\u00f6pr\u00fcs\u00fc, Atat\u00fcrk, Mimar Sinan, Efekent, K\u0131z\u0131l\u00e7ay ve Zeytindal\u0131 bulvarlar\u0131 ile Ara G\u00fcler Caddesi, Yukar\u0131kayac\u0131k ve E\u011frikavak mahalleleri,<\/li>\n\n\n\n<li><strong>Didim:<\/strong> Mavi\u015fehir Halk Marinas\u0131, Bar\u0131\u015f ve Aldemir caddeleri,<\/li>\n\n\n\n<li><strong>Ku\u015fadas\u0131:<\/strong> So\u011fucak Mahallesi,<\/li>\n\n\n\n<li><strong>S\u00f6ke:<\/strong> K\u00f6pr\u00fcalan Mahallesi,<\/li>\n\n\n\n<li><strong>Buharkent:<\/strong> Efeler Caddesi,<\/li>\n\n\n\n<li><strong>\u00c7ine:<\/strong> Suba\u015f\u0131 ve K\u0131rk\u0131\u015f\u0131k mahalleleri,<\/li>\n\n\n\n<li><strong>\u0130ncirliova:<\/strong> C\u0131l\u0131mb\u0131z, \u0130kizdere ve Karaba\u011f mahalleleri,<\/li>\n\n\n\n<li><strong>Karacasu:<\/strong> Atak\u00f6y ve Alemler mahalleleri,<\/li>\n\n\n\n<li><strong>Karpuzlu:<\/strong> \u015eenk\u00f6y Mahallesi,<\/li>\n\n\n\n<li><strong>Ko\u00e7arl\u0131:<\/strong> \u00c7ulhalar ve Hac\u0131hamzalar mahalleleri,<\/li>\n\n\n\n<li><strong>K\u00f6\u015fk:<\/strong> Ahatlar ve Y\u00f6r\u00fckler mahalleleri,<\/li>\n\n\n\n<li><strong>Kuyucak:<\/strong> Ovac\u0131k ve Yamalak mahalleleri,<\/li>\n\n\n\n<li><strong>Yenipazar:<\/strong> E\u011fridere Mahallesi.<\/li>\n<\/ul>\n\n\n\n<figure class=\"wp-block-image size-large\"><img loading=\"lazy\" decoding=\"async\" width=\"1024\" height=\"683\" src=\"https:\/\/gazetedokuz.com\/wp-content\/uploads\/2026\/09\/ABB-17ilceyeyol-4lu-1024x683.jpeg\" alt=\"\" class=\"wp-image-2394\" srcset=\"https:\/\/gazetedokuz.com\/wp-content\/uploads\/2026\/09\/ABB-17ilceyeyol-4lu-1024x683.jpeg 1024w, https:\/\/gazetedokuz.com\/wp-content\/uploads\/2026\/09\/ABB-17ilceyeyol-4lu-300x200.jpeg 300w, https:\/\/gazetedokuz.com\/wp-content\/uploads\/2026\/09\/ABB-17ilceyeyol-4lu-768x512.jpeg 768w, https:\/\/gazetedokuz.com\/wp-content\/uploads\/2026\/09\/ABB-17ilceyeyol-4lu-282x188.jpeg 282w, https:\/\/gazetedokuz.com\/wp-content\/uploads\/2026\/09\/ABB-17ilceyeyol-4lu.jpeg 1200w\" sizes=\"auto, (max-width: 1024px) 100vw, 1024px\" \/><\/figure>\n\n\n\n<p class=\"wp-block-paragraph\"><strong>\u201c17 \u0130L\u00c7EM\u0130Z\u0130N TAMAMINDA YATIRIMLARIMIZI S\u00dcRD\u00dcR\u00dcYORUZ\u201d<\/strong><\/p>\n\n\n\n<p class=\"wp-block-paragraph\">Ayd\u0131n\u2019\u0131n her bir k\u00f6\u015fesine adil ve kesintisiz hizmet ula\u015ft\u0131rma kararl\u0131l\u0131\u011f\u0131nda olduklar\u0131n\u0131 vurgulayan Ayd\u0131n B\u00fcy\u00fck\u015fehir Belediye Ba\u015fkan\u0131 <strong>\u00d6zlem \u00c7er\u00e7io\u011flu<\/strong>, saha \u00e7al\u0131\u015fmalar\u0131n\u0131n h\u0131z kesmeden b\u00fcy\u00fcyece\u011fini belirtti. Planl\u0131 belediyecilik vurgusu yapan Ba\u015fkan \u00c7er\u00e7io\u011flu, <strong>\u201c17 il\u00e7emizin tamam\u0131nda \u00e7al\u0131\u015fmalar\u0131m\u0131za devam ediyoruz. Kentimizin d\u00f6rt bir yan\u0131nda yat\u0131r\u0131mlar\u0131m\u0131z\u0131 s\u00fcrd\u00fcr\u00fcyor, projelerimizi hem\u015fehrilerimizle bulu\u015fturuyoruz. Ayd\u0131n\u0131m\u0131z i\u00e7in \u00e7al\u0131\u015fmay\u0131 s\u00fcrd\u00fcrece\u011fiz. Hizmetle b\u00fcy\u00fcyen Ayd\u0131n\u201d<\/strong> s\u00f6zleriyle yeni d\u00f6nem hedeflerini \u00f6zetledi.<\/p>\n","protected":false},"excerpt":{"rendered":"<p>\u0130l genelinde b\u00fcy\u00fck bir yol yap\u0131m ve onar\u0131m ata\u011f\u0131 ba\u015flatan Ayd\u0131n B\u00fcy\u00fck\u015fehir Belediye Ba\u015fkan\u0131 \u00d6zlem \u00c7er\u00e7io\u011flu,&#46;&#46;&#46;<\/p>\n","protected":false},"author":2,"featured_media":2393,"comment_status":"open","ping_status":"closed","sticky":false,"template":"","format":"standard","meta":{"footnotes":""},"categories":[53],"tags":[46,47],"manset":[],"bilesen":[],"class_list":["post-2392","post","type-post","status-publish","format-standard","has-post-thumbnail","hentry","category-yerel-yonetim","tag-aydin-buyuksehir-belediyesi","tag-ozlem-cercioglu"],"_links":{"self":[{"href":"https:\/\/gazetedokuz.com\/index.php?rest_route=\/wp\/v2\/posts\/2392","targetHints":{"allow":["GET"]}}],"collection":[{"href":"https:\/\/gazetedokuz.com\/index.php?rest_route=\/wp\/v2\/posts"}],"about":[{"href":"https:\/\/gazetedokuz.com\/index.php?rest_route=\/wp\/v2\/types\/post"}],"author":[{"embeddable":true,"href":"https:\/\/gazetedokuz.com\/index.php?rest_route=\/wp\/v2\/users\/2"}],"replies":[{"embeddable":true,"href":"https:\/\/gazetedokuz.com\/index.php?rest_route=%2Fwp%2Fv2%2Fcomments&post=2392"}],"version-history":[{"count":1,"href":"https:\/\/gazetedokuz.com\/index.php?rest_route=\/wp\/v2\/posts\/2392\/revisions"}],"predecessor-version":[{"id":2395,"href":"https:\/\/gazetedokuz.com\/index.php?rest_route=\/wp\/v2\/posts\/2392\/revisions\/2395"}],"wp:featuredmedia":[{"embeddable":true,"href":"https:\/\/gazetedokuz.com\/index.php?rest_route=\/wp\/v2\/media\/2393"}],"wp:attachment":[{"href":"https:\/\/gazetedokuz.com\/index.php?rest_route=%2Fwp%2Fv2%2Fmedia&parent=2392"}],"wp:term":[{"taxonomy":"category","embeddable":true,"href":"https:\/\/gazetedokuz.com\/index.php?rest_route=%2Fwp%2Fv2%2Fcategories&post=2392"},{"taxonomy":"post_tag","embeddable":true,"href":"https:\/\/gazetedokuz.com\/index.php?rest_route=%2Fwp%2Fv2%2Ftags&post=2392"},{"taxonomy":"manset","embeddable":true,"href":"https:\/\/gazetedokuz.com\/index.php?rest_route=%2Fwp%2Fv2%2Fmanset&post=2392"},{"taxonomy":"bilesen","embeddable":true,"href":"https:\/\/gazetedokuz.com\/index.php?rest_route=%2Fwp%2Fv2%2Fbilesen&post=2392"}],"curies":[{"name":"wp","href":"https:\/\/api.w.org\/{rel}","templated":true}]}}