{"id":2390,"date":"2026-09-02T16:25:00","date_gmt":"2026-09-02T13:25:00","guid":{"rendered":"https:\/\/gazetedokuz.com\/?p=2390"},"modified":"2026-09-03T03:06:50","modified_gmt":"2026-09-03T00:06:50","slug":"dunyanin-en-kalitelisi-nazilli-incirinde-yeni-sezon-acildi","status":"publish","type":"post","link":"https:\/\/gazetedokuz.com\/?p=2390","title":{"rendered":"D\u00fcnyan\u0131n en kalitelisi&#8230; Nazilli incirinde yeni sezon a\u00e7\u0131ld\u0131"},"content":{"rendered":"\n<p class=\"wp-block-paragraph\">Ayd\u0131n\u2019\u0131n k\u00fcresel \u00f6l\u00e7ekte en stratejik tar\u0131m \u00fcr\u00fcn\u00fc olan incirde, yeni sezon resm\u00ee bir t\u00f6renle a\u00e7\u0131ld\u0131. Nazilli Ticaret Borsas\u0131 (NTB) Hizmet Binas\u0131\u2019nda ger\u00e7ekle\u015ftirilen <strong>\u201c2026-2027 Sezonu \u0130lk Kuru \u0130ncir Al\u0131m ve Tescil \u00d6d\u00fcl T\u00f6reni\u201d<\/strong>, borsan\u0131n kurulu\u015funun 60. y\u0131l d\u00f6n\u00fcm\u00fc gururuyla birle\u015fti.<\/p>\n\n\n\n<figure class=\"wp-block-image size-large\"><img loading=\"lazy\" decoding=\"async\" width=\"1024\" height=\"683\" src=\"https:\/\/gazetedokuz.com\/wp-content\/uploads\/2026\/09\/NTB-ilkincir-11197284-1024x683.jpeg\" alt=\"\" class=\"wp-image-2380\" srcset=\"https:\/\/gazetedokuz.com\/wp-content\/uploads\/2026\/09\/NTB-ilkincir-11197284-1024x683.jpeg 1024w, https:\/\/gazetedokuz.com\/wp-content\/uploads\/2026\/09\/NTB-ilkincir-11197284-300x200.jpeg 300w, https:\/\/gazetedokuz.com\/wp-content\/uploads\/2026\/09\/NTB-ilkincir-11197284-768x512.jpeg 768w, https:\/\/gazetedokuz.com\/wp-content\/uploads\/2026\/09\/NTB-ilkincir-11197284-282x188.jpeg 282w, https:\/\/gazetedokuz.com\/wp-content\/uploads\/2026\/09\/NTB-ilkincir-11197284.jpeg 1200w\" sizes=\"auto, (max-width: 1024px) 100vw, 1024px\" \/><\/figure>\n\n\n\n<p class=\"wp-block-paragraph\">Sayg\u0131 duru\u015funda bulunulmas\u0131 ve \u0130stiklal Mar\u015f\u0131\u2019n\u0131n okunmas\u0131yla ba\u015flayan g\u00f6rkemli programa; Ayd\u0131n Valisi Dr. Osman Varol, Nazilli Kaymakam\u0131 Huriye K\u00fcpeli Kan, AK Parti Ayd\u0131n Milletvekili \u00d6mer \u00d6zmen, Nazilli Ticaret Odas\u0131 Ba\u015fkan\u0131 Nuri Arslan, siyasi parti temsilcileri, meslek odas\u0131 ba\u015fkanlar\u0131, sivil toplum \u00f6rg\u00fctlerinin liderleri ile \u00e7ok say\u0131da t\u00fcccar ve incir \u00fcreticisi kat\u0131l\u0131m sa\u011flad\u0131.<\/p>\n\n\n\n<figure class=\"wp-block-image size-large\"><img loading=\"lazy\" decoding=\"async\" width=\"1024\" height=\"683\" src=\"https:\/\/gazetedokuz.com\/wp-content\/uploads\/2026\/09\/NTB-ilkincir-12822081-1024x683.jpeg\" alt=\"\" class=\"wp-image-2385\" srcset=\"https:\/\/gazetedokuz.com\/wp-content\/uploads\/2026\/09\/NTB-ilkincir-12822081-1024x683.jpeg 1024w, https:\/\/gazetedokuz.com\/wp-content\/uploads\/2026\/09\/NTB-ilkincir-12822081-300x200.jpeg 300w, https:\/\/gazetedokuz.com\/wp-content\/uploads\/2026\/09\/NTB-ilkincir-12822081-768x512.jpeg 768w, https:\/\/gazetedokuz.com\/wp-content\/uploads\/2026\/09\/NTB-ilkincir-12822081-282x188.jpeg 282w, https:\/\/gazetedokuz.com\/wp-content\/uploads\/2026\/09\/NTB-ilkincir-12822081.jpeg 1200w\" sizes=\"auto, (max-width: 1024px) 100vw, 1024px\" \/><\/figure>\n\n\n\n<p class=\"wp-block-paragraph\"><strong>BA\u015eKAN KIRLIO\u011eLU: \u201cTESC\u0130L \u00dcCRET\u0130N\u0130 KANUN\u0130 EN ALT SINIRA \u0130ND\u0130RD\u0130K\u201d<\/strong><\/p>\n\n\n\n<p class=\"wp-block-paragraph\">T\u00f6renin a\u00e7\u0131l\u0131\u015f konu\u015fmas\u0131n\u0131 ger\u00e7ekle\u015ftiren Nazilli Ticaret Borsas\u0131 Y\u00f6netim Kurulu Ba\u015fkan\u0131 Nurettin K\u0131rl\u0131o\u011flu, 60 y\u0131ld\u0131r esnaf\u0131n ve \u00fcreticinin yan\u0131nda olduklar\u0131n\u0131 vurgulad\u0131. G\u00f6reve geldikleri andan itibaren mali y\u00fckleri hafifletmeyi ilke edindiklerini belirten K\u0131rl\u0131o\u011flu, Nazilli incirinin k\u00fcresel g\u00fcc\u00fcne dikkat \u00e7ekerek \u015fu ifadeleri kulland\u0131: <strong>\u201cNazilli\u2019miz d\u00fcnyan\u0131n en kaliteli incirine, zeytinine, kestanesine, zeytinya\u011f\u0131na ev sahipli\u011fi yapan son derece \u00f6zel bir co\u011frafyad\u0131r. \u00dcretimimizin, \u00fcreticimizin, t\u00fcccar\u0131m\u0131z\u0131n al\u0131n teriyle yo\u011frulan bu topraklar \u00fclkemizin tar\u0131msal g\u00fcc\u00fcne ve ihracat\u0131na y\u0131llard\u0131r \u00f6nc\u00fcl\u00fck etmektedir.<\/strong><\/p>\n\n\n\n<p class=\"wp-block-paragraph\"><strong>Ticaret borsas\u0131 olarak g\u00f6reve geldi\u011fimiz ilk g\u00fcnden beri t\u00fcccar\u0131m\u0131z\u0131n \u00fczerindeki mali y\u00fck\u00fc hafifletmek ad\u0131na borsam\u0131z\u0131n varl\u0131klar\u0131n\u0131 b\u00fcy\u00fcterek korumay\u0131 temel ilke edindik. Bu do\u011frultuda ilk icraat\u0131m\u0131z olan tesis \u00fccretini kanunen uygulanabilecek en asgari seviyeye d\u00fc\u015f\u00fcrd\u00fck. Eski binam\u0131z dahil hi\u00e7bir ta\u015f\u0131nmaz\u0131 satmadan; modern mimarisi, teknolojik donan\u0131mlar\u0131yla yeni hizmet binam\u0131z\u0131 in\u015fa ettik ve bu alan\u0131 t\u00fcm kamu kurulu\u015flar\u0131na \u00fccretsiz sunduk.\u201d<\/strong><\/p>\n\n\n\n<figure class=\"wp-block-image size-large\"><img loading=\"lazy\" decoding=\"async\" width=\"1024\" height=\"683\" src=\"https:\/\/gazetedokuz.com\/wp-content\/uploads\/2026\/09\/NTB-ilkincir-200-1024x683.jpeg\" alt=\"\" class=\"wp-image-2377\" srcset=\"https:\/\/gazetedokuz.com\/wp-content\/uploads\/2026\/09\/NTB-ilkincir-200-1024x683.jpeg 1024w, https:\/\/gazetedokuz.com\/wp-content\/uploads\/2026\/09\/NTB-ilkincir-200-300x200.jpeg 300w, https:\/\/gazetedokuz.com\/wp-content\/uploads\/2026\/09\/NTB-ilkincir-200-768x512.jpeg 768w, https:\/\/gazetedokuz.com\/wp-content\/uploads\/2026\/09\/NTB-ilkincir-200-282x188.jpeg 282w, https:\/\/gazetedokuz.com\/wp-content\/uploads\/2026\/09\/NTB-ilkincir-200.jpeg 1200w\" sizes=\"auto, (max-width: 1024px) 100vw, 1024px\" \/><\/figure>\n\n\n\n<p class=\"wp-block-paragraph\"><strong>VAL\u0130 VAROL: \u201cD\u00dcNYA \u0130NC\u0130R\u0130N\u0130N Y\u00dcZDE 17\u2019S\u0130N\u0130 TEK BA\u015eINA AYDIN \u00dcRET\u0130YOR\u201d<\/strong><\/p>\n\n\n\n<p class=\"wp-block-paragraph\">K\u00fcrs\u00fcye \u00e7\u0131kan Ayd\u0131n Valisi Dr. Osman Varol, Ayd\u0131n topraklar\u0131n\u0131n ve B\u00fcy\u00fck Menderes Nehri\u2019nin bereketini \u00e7arp\u0131c\u0131 k\u00fcresel istatistiklerle g\u00f6zler \u00f6n\u00fcne serdi. \u0130ncir sekt\u00f6r\u00fcn\u00fcn yakla\u015f\u0131k 400 million dolarl\u0131k devasa bir ekonomi oldu\u011funu belirten Vali Varol, \u015fu verileri payla\u015ft\u0131: <strong>\u201cD\u00fcnyadaki incir \u00fcretiminin yakla\u015f\u0131k y\u00fczde 28\u2019ini \u00fclkemiz tedarik ediyor. D\u00fcnya \u00e7ap\u0131na vurdu\u011funuz zaman arkada\u015flar d\u00fcnyada \u00fcretilen incirin yakla\u015f\u0131k y\u00fczde 17\u2019sini tek ba\u015f\u0131na bizim vilayetimiz \u00fcretiyor. \u015eu an 6.6 milyon meyve veren a\u011fac\u0131m\u0131z var. Ayr\u0131ca 950 bin kadar da hen\u00fcz meyve vermeye ba\u015flayacak gen\u00e7 bir nesil geliyor. 19 bine yak\u0131n \u00c7KS\u2019ye kay\u0131tl\u0131 \u00fcretici arkada\u015f\u0131m\u0131z var. Avrupa ihracat\u0131n\u0131 etkileyen aflatoksin ve okratoksin tehlikesine kar\u015f\u0131 yeni bir tebli\u011f yay\u0131nlad\u0131k. Bizim mal\u0131m\u0131za ba\u015fka b\u00f6lgenin mal\u0131n\u0131n kar\u0131\u015fmas\u0131na izin vermeyece\u011fim, bunun i\u00e7in gerekirse g\u00fcvenlik g\u00fc\u00e7lerini devreye sokaca\u011f\u0131z.\u201d<\/strong><\/p>\n\n\n\n<figure class=\"wp-block-image size-large\"><img loading=\"lazy\" decoding=\"async\" width=\"1024\" height=\"683\" src=\"https:\/\/gazetedokuz.com\/wp-content\/uploads\/2026\/09\/NTB-ilkincir-3lu-1024x683.jpeg\" alt=\"\" class=\"wp-image-2376\" srcset=\"https:\/\/gazetedokuz.com\/wp-content\/uploads\/2026\/09\/NTB-ilkincir-3lu-1024x683.jpeg 1024w, https:\/\/gazetedokuz.com\/wp-content\/uploads\/2026\/09\/NTB-ilkincir-3lu-300x200.jpeg 300w, https:\/\/gazetedokuz.com\/wp-content\/uploads\/2026\/09\/NTB-ilkincir-3lu-768x512.jpeg 768w, https:\/\/gazetedokuz.com\/wp-content\/uploads\/2026\/09\/NTB-ilkincir-3lu-282x188.jpeg 282w, https:\/\/gazetedokuz.com\/wp-content\/uploads\/2026\/09\/NTB-ilkincir-3lu.jpeg 1200w\" sizes=\"auto, (max-width: 1024px) 100vw, 1024px\" \/><\/figure>\n\n\n\n<p class=\"wp-block-paragraph\"><strong>A\u00c7IK ARTIRMADA KIRAN KIRANA YARI\u015e: SON F\u0130YAT 1000 TL<\/strong><\/p>\n\n\n\n<p class=\"wp-block-paragraph\">Protokol konu\u015fmalar\u0131n\u0131n ard\u0131ndan, 2025-2026 tescil d\u00f6neminde dereceye giren;&nbsp;Korkutsan Tar\u0131m, Ra\u015fit Balc\u0131, Has G\u0131da Tar\u0131m, Kral \u0130ncir, \u00d6R-KOOP, Tunahan Yerli \u00dcr\u00fcnleri, Ferdi G\u00fcler, K\u0131rl\u0131o\u011flu Tar\u0131msal \u00dcr\u00fcnler, Zeta Tar\u0131m, \u00d6z\u015fim\u015fek Tar\u0131m, Alt\u0131n \u0130ncir G\u0131da, \u0130sa Ta\u015f\u00e7\u0131, Fidan\u0131m S\u00fct ve S\u00fct \u00dcr\u00fcnleri, ABC Kuru Meyve G\u0131da Sanayi ve Musa \u00d6zt\u00fcrk\u2019e plaketleri Vali Dr. Osman Varol ve Milletvekilli \u00d6mer \u00d6zmen taraf\u0131ndan takdim edildi.<\/p>\n\n\n\n<p class=\"wp-block-paragraph\">\u00d6d\u00fcl t\u00f6reninin ard\u0131ndan, geleneksel olarak sezonun ilk kuru incirinin tescili i\u00e7in sembolik bir a\u00e7\u0131k art\u0131rma d\u00fczenlendi. Borsa Ba\u015fkan\u0131 Nurettin K\u0131rl\u0131o\u011flu\u2019nun 100 TL ile ba\u015flatt\u0131\u011f\u0131 a\u00e7\u0131k art\u0131rmada, k\u0131ran k\u0131rana ge\u00e7en tekliflerin ard\u0131ndan son fiyat\u0131 i\u015f insan\u0131 Erkan Abbaso\u011flu verdi. Sezonun ilk inciri kilogram\u0131 1000 TL\u2019den sembolik olarak sat\u0131n al\u0131nd\u0131. Vali Varol, <strong>\u201c\u0130ncir de\u011ferini bulmu\u015ftur; hay\u0131rl\u0131, u\u011furlu olsun\u201d<\/strong> ifadelerini kullanarak bereketli bir sezon diledi.<\/p>\n\n\n\n<figure class=\"wp-block-image size-large\"><img loading=\"lazy\" decoding=\"async\" width=\"1024\" height=\"683\" src=\"https:\/\/gazetedokuz.com\/wp-content\/uploads\/2026\/09\/NTB-ilkincir-12104906-1024x683.jpeg\" alt=\"\" class=\"wp-image-2382\" srcset=\"https:\/\/gazetedokuz.com\/wp-content\/uploads\/2026\/09\/NTB-ilkincir-12104906-1024x683.jpeg 1024w, https:\/\/gazetedokuz.com\/wp-content\/uploads\/2026\/09\/NTB-ilkincir-12104906-300x200.jpeg 300w, https:\/\/gazetedokuz.com\/wp-content\/uploads\/2026\/09\/NTB-ilkincir-12104906-768x512.jpeg 768w, https:\/\/gazetedokuz.com\/wp-content\/uploads\/2026\/09\/NTB-ilkincir-12104906-282x188.jpeg 282w, https:\/\/gazetedokuz.com\/wp-content\/uploads\/2026\/09\/NTB-ilkincir-12104906.jpeg 1200w\" sizes=\"auto, (max-width: 1024px) 100vw, 1024px\" \/><\/figure>\n\n\n\n<p class=\"wp-block-paragraph\">Program, protokol\u00fcn ve \u00fcreticilerin kat\u0131ld\u0131\u011f\u0131 toplu foto\u011fraf \u00e7ekiminin ard\u0131ndan, davetlilere b\u00f6lgenin me\u015fhur geleneksel ke\u015fke\u011finin ve tur\u015fusunun ikram edilmesiyle son buldu.<\/p>\n\n\n\n<figure class=\"wp-block-image size-large\"><img loading=\"lazy\" decoding=\"async\" width=\"1024\" height=\"694\" src=\"https:\/\/gazetedokuz.com\/wp-content\/uploads\/2026\/09\/NTB-ilkincir-095729-1024x694.jpeg\" alt=\"\" class=\"wp-image-2378\" srcset=\"https:\/\/gazetedokuz.com\/wp-content\/uploads\/2026\/09\/NTB-ilkincir-095729-1024x694.jpeg 1024w, https:\/\/gazetedokuz.com\/wp-content\/uploads\/2026\/09\/NTB-ilkincir-095729-300x203.jpeg 300w, https:\/\/gazetedokuz.com\/wp-content\/uploads\/2026\/09\/NTB-ilkincir-095729-768x520.jpeg 768w, https:\/\/gazetedokuz.com\/wp-content\/uploads\/2026\/09\/NTB-ilkincir-095729.jpeg 1200w\" sizes=\"auto, (max-width: 1024px) 100vw, 1024px\" \/><\/figure>\n\n\n\n<p class=\"wp-block-paragraph\"><\/p>\n","protected":false},"excerpt":{"rendered":"<p>Nazilli Ticaret Borsas\u0131\u2019n\u0131n 60. y\u0131l d\u00f6n\u00fcm\u00fc ilk al\u0131m t\u00f6reninde konu\u015fan Ba\u015fkan Nurettin K\u0131rl\u0131o\u011flu, il\u00e7enin d\u00fcnyan\u0131n en kaliteli incirine ev sahipli\u011fi yapt\u0131\u011f\u0131n\u0131 vurgulad\u0131. Ayd\u0131n Valisi Dr. Osman Varol ise d\u00fcnya incir pazar\u0131n\u0131n y\u00fczde 17\u2019sini tek ba\u015f\u0131na Ayd\u0131n\u2019\u0131n s\u0131rtlad\u0131\u011f\u0131n\u0131 belirterek \u00fcreticilerin ve \u015fampiyon t\u00fcccarlar\u0131n \u00f6d\u00fcllerini takdim etti.<\/p>\n","protected":false},"author":2,"featured_media":2379,"comment_status":"open","ping_status":"closed","sticky":false,"template":"","format":"standard","meta":{"footnotes":""},"categories":[145],"tags":[287,288,195,75,158,289],"manset":[],"bilesen":[],"class_list":["post-2390","post","type-post","status-publish","format-standard","has-post-thumbnail","hentry","category-kamu-kurum","tag-2026-2027-sezonu-ilk-kuru-incir-alim-ve-tescil-odul-toreni","tag-ak-parti-aydin-milletvekili-omer-ozmen","tag-aydin-valisi-dr-osman-varol","tag-nazilli-kaymakami-huriye-kupeli-kan","tag-nazilli-ticaret-borsasi","tag-nurettin-kirlioglu"],"_links":{"self":[{"href":"https:\/\/gazetedokuz.com\/index.php?rest_route=\/wp\/v2\/posts\/2390","targetHints":{"allow":["GET"]}}],"collection":[{"href":"https:\/\/gazetedokuz.com\/index.php?rest_route=\/wp\/v2\/posts"}],"about":[{"href":"https:\/\/gazetedokuz.com\/index.php?rest_route=\/wp\/v2\/types\/post"}],"author":[{"embeddable":true,"href":"https:\/\/gazetedokuz.com\/index.php?rest_route=\/wp\/v2\/users\/2"}],"replies":[{"embeddable":true,"href":"https:\/\/gazetedokuz.com\/index.php?rest_route=%2Fwp%2Fv2%2Fcomments&post=2390"}],"version-history":[{"count":1,"href":"https:\/\/gazetedokuz.com\/index.php?rest_route=\/wp\/v2\/posts\/2390\/revisions"}],"predecessor-version":[{"id":2391,"href":"https:\/\/gazetedokuz.com\/index.php?rest_route=\/wp\/v2\/posts\/2390\/revisions\/2391"}],"wp:featuredmedia":[{"embeddable":true,"href":"https:\/\/gazetedokuz.com\/index.php?rest_route=\/wp\/v2\/media\/2379"}],"wp:attachment":[{"href":"https:\/\/gazetedokuz.com\/index.php?rest_route=%2Fwp%2Fv2%2Fmedia&parent=2390"}],"wp:term":[{"taxonomy":"category","embeddable":true,"href":"https:\/\/gazetedokuz.com\/index.php?rest_route=%2Fwp%2Fv2%2Fcategories&post=2390"},{"taxonomy":"post_tag","embeddable":true,"href":"https:\/\/gazetedokuz.com\/index.php?rest_route=%2Fwp%2Fv2%2Ftags&post=2390"},{"taxonomy":"manset","embeddable":true,"href":"https:\/\/gazetedokuz.com\/index.php?rest_route=%2Fwp%2Fv2%2Fmanset&post=2390"},{"taxonomy":"bilesen","embeddable":true,"href":"https:\/\/gazetedokuz.com\/index.php?rest_route=%2Fwp%2Fv2%2Fbilesen&post=2390"}],"curies":[{"name":"wp","href":"https:\/\/api.w.org\/{rel}","templated":true}]}}