{"id":2364,"date":"2026-09-02T17:35:00","date_gmt":"2026-09-02T14:35:00","guid":{"rendered":"https:\/\/gazetedokuz.com\/?p=2364"},"modified":"2026-09-03T03:27:40","modified_gmt":"2026-09-03T00:27:40","slug":"baskan-kirlioglu-dunyada-incir-arayanlarin-adresi-nazilli-olacak","status":"publish","type":"post","link":"https:\/\/gazetedokuz.com\/?p=2364","title":{"rendered":"Ba\u015fkan K\u0131rl\u0131o\u011flu: \u201cD\u00fcnyada incir arayanlar\u0131n adresi Nazilli olacak\u201d"},"content":{"rendered":"\n<p class=\"wp-block-paragraph\">Ayd\u0131n\u2019\u0131n k\u00fcresel \u00f6l\u00e7ekteki en b\u00fcy\u00fck tar\u0131msal markas\u0131 olan incirde, \u00fcretimin ve ihracat\u0131n gelece\u011fini tamamen yeniden \u015fekillendirecek asr\u0131n lojistik yat\u0131r\u0131m\u0131 i\u00e7in ilk har\u00e7 d\u00f6k\u00fcld\u00fc.<\/p>\n\n\n\n<p class=\"wp-block-paragraph\">S.S. Nazilli Yerli \u00dcr\u00fcnler \u0130htisas Sanayi Sitesi Yap\u0131 Kooperatifi taraf\u0131ndan Arslanl\u0131 Mahallesi\u2019nde, Mergen \u00c7ay\u0131 kenar\u0131ndaki 219 ada 2 parsel \u00fczerindeki dev arazi \u00fczerinde projelendirilen <strong>\u201c\u0130ncirciler Sitesi\u201d<\/strong> projesinin temel atma t\u00f6reni, kent protokol\u00fc ile i\u015f d\u00fcnyas\u0131n\u0131 bulu\u015fturdu.<\/p>\n\n\n\n<p class=\"wp-block-paragraph\">Y\u00fcklenici firma Egesit \u0130n\u015faat i\u015f birli\u011fiyle sahada hummal\u0131 \u015fantiye \u00e7al\u0131\u015fmalar\u0131n\u0131n ba\u015flad\u0131\u011f\u0131 bu tarihi g\u00fcne; Ayd\u0131n Valisi Dr. Osman Varol, Nazilli Kaymakam\u0131 Huriye K\u00fcpeli Kan, AK Parti Ayd\u0131n Milletvekili \u00d6mer \u00d6zmen, AK Parti Nazilli \u0130l\u00e7e Ba\u015fkan\u0131 Ali G\u00fcrb\u00fcz, Nazilli Ticaret Odas\u0131 (NTO) Ba\u015fkan\u0131 Nuri Arslan, Nazilli Ticaret Borsas\u0131 (NTB) Ba\u015fkan\u0131 Nurettin K\u0131rl\u0131o\u011flu, kurum m\u00fcd\u00fcrleri, meclis \u00fcyeleri, muhtarlar ile \u00e7ok say\u0131da t\u00fcccar ve incir \u00fcreticisi kat\u0131ld\u0131.<\/p>\n\n\n\n<p class=\"wp-block-paragraph\"><strong>SO\u011eUK HAVA DEPOLARINDAN LABORATUVARA DEV KOMPLEKS<\/strong><\/p>\n\n\n\n<p class=\"wp-block-paragraph\">Tesisin mimari ve altyap\u0131 detaylar\u0131 hakk\u0131nda alanda bilgilendirmelerde bulunan NTB Ba\u015fkan\u0131 Nurettin K\u0131rl\u0131o\u011flu, projenin sadece s\u0131radan ticari ticarethanelerden olu\u015fmad\u0131\u011f\u0131n\u0131, \u00e7ok fonksiyonlu entegre bir \u00fcs olaca\u011f\u0131n\u0131 a\u00e7\u0131klad\u0131. \u0130n\u015fa edilecek alan\u0131n teknik kapasitesini payla\u015fan K\u0131rl\u0131o\u011flu, <strong>\u201cMerkez i\u00e7erisinde sadece ticari d\u00fckk\u00e2nlar\u0131n yer almayaca\u011f\u0131n\u0131, modern so\u011fuk hava depolar\u0131, analiz laboratuvarlar\u0131 ve sosyal alanlar\u0131n da bulunaca\u011f\u0131n\u0131 aktarmak isterim. Ek hizmet binas\u0131ndaki ihale \u00e7al\u0131\u015fmalar\u0131m\u0131z h\u0131zla devam ediyor. \u0130lk etapta 58 d\u00fckk\u00e2n\u0131n ihale s\u00fcrecini ba\u015far\u0131yla tamamlad\u0131k. 11 Eyl\u00fcl tarihi itibariyle ise orta ve b\u00fcy\u00fck \u00f6l\u00e7ekli 24 d\u00fckk\u00e2n\u0131n daha ihale s\u00fcrecini bitirmeyi hedefliyoruz\u201d<\/strong> diyerek takvimi duyurdu.<\/p>\n\n\n\n<figure class=\"wp-block-image size-large\"><img loading=\"lazy\" decoding=\"async\" width=\"1024\" height=\"683\" src=\"https:\/\/gazetedokuz.com\/wp-content\/uploads\/2026\/09\/NTB-incircilersitesi-9557-1024x683.jpeg\" alt=\"\" class=\"wp-image-2387\" srcset=\"https:\/\/gazetedokuz.com\/wp-content\/uploads\/2026\/09\/NTB-incircilersitesi-9557-1024x683.jpeg 1024w, https:\/\/gazetedokuz.com\/wp-content\/uploads\/2026\/09\/NTB-incircilersitesi-9557-300x200.jpeg 300w, https:\/\/gazetedokuz.com\/wp-content\/uploads\/2026\/09\/NTB-incircilersitesi-9557-768x512.jpeg 768w, https:\/\/gazetedokuz.com\/wp-content\/uploads\/2026\/09\/NTB-incircilersitesi-9557-282x188.jpeg 282w, https:\/\/gazetedokuz.com\/wp-content\/uploads\/2026\/09\/NTB-incircilersitesi-9557.jpeg 1200w\" sizes=\"auto, (max-width: 1024px) 100vw, 1024px\" \/><\/figure>\n\n\n\n<p class=\"wp-block-paragraph\"><strong>\u201cD\u00dcNYADA \u0130NC\u0130R ARAYANLARIN TEK ADRES\u0130 NAZ\u0130LL\u0130 OLACAK\u201d<\/strong><\/p>\n\n\n\n<p class=\"wp-block-paragraph\">Yat\u0131r\u0131m\u0131n temel felsefesinin, k\u00fcresel pazarlarda Nazilli\u2019nin ad\u0131n\u0131 tek otorite haline getirmek oldu\u011funun alt\u0131n\u0131 \u00e7izen Ba\u015fkan K\u0131rl\u0131o\u011flu, d\u00fckk\u00e2n satmaktan \u00e7ok daha \u00f6te bir vizyonla hareket ettiklerini vurgulad\u0131. K\u0131rl\u0131o\u011flu, <strong>\u201cAmac\u0131m\u0131z sadece d\u00fckk\u00e2n satmak de\u011fil, buradaki temel vizyonumuz; Nazilli incirini d\u00fcnya ticaretinde kal\u0131c\u0131 bir hale getirmek. Bug\u00fcn att\u0131\u011f\u0131m\u0131z ad\u0131mlar\u0131 20 y\u0131l sonra \u00e7ok daha net anlayaca\u011f\u0131z. D\u00fcnyada incir arayanlar\u0131n yegane adresi Nazilli olacak\u201d<\/strong> ifadeleriyle il\u00e7enin k\u00fcresel hedefini ilan etti.<\/p>\n\n\n\n<p class=\"wp-block-paragraph\"><strong>EN AZ 2 B\u0130N K\u0130\u015e\u0130YE DO\u011eRUDAN \u0130ST\u0130HDAM VE \u0130HRACAT G\u00dcVENCES\u0130<\/strong><\/p>\n\n\n\n<p class=\"wp-block-paragraph\">\u0130\u00e7erisinde bar\u0131nd\u0131raca\u011f\u0131 entegre tesislerle, tarladaki \u00fcretim an\u0131ndan yurt d\u0131\u015f\u0131ndaki son t\u00fcketiciye varana kadar t\u00fcm ihracat zincirinin tek bir noktadan y\u00f6netilmesini sa\u011flayacak olan dev kompleks, b\u00f6lge istihdam\u0131na da \u00e7ok b\u00fcy\u00fck bir can suyu olacak. Tesislerin tam kapasiteyle faaliyete ge\u00e7mesiyle birlikte en az 2 bin ki\u015fiye do\u011frudan i\u015f imk\u00e2n\u0131 yarat\u0131lmas\u0131 hedeflenirken; t\u00f6rende konu\u015fan Ayd\u0131n Valisi Dr. Osman Varol da Avrupa pazar\u0131n\u0131 tehdit eden okratoksin tehlikesine kar\u015f\u0131 bu modern alanda en s\u0131k\u0131 tedbirleri uygulayacaklar\u0131n\u0131, Ayd\u0131n incirine ba\u015fka b\u00f6lgelerin mallar\u0131n\u0131n kar\u0131\u015fmamas\u0131 i\u00e7in gerekirse emniyet g\u00fc\u00e7leriyle sahada takip yapacaklar\u0131n\u0131 hat\u0131rlatt\u0131. T\u00f6ren, protokol \u00fcyelerinin butona basarak ilk harc\u0131 temele d\u00f6kmesinin ard\u0131ndan dualarla noktaland\u0131.<\/p>\n","protected":false},"excerpt":{"rendered":"<p>\u2018\u0130ncirciler Sitesi\u2019nin temel atma t\u00f6reninde konu\u015fan NTB Ba\u015fkan\u0131 Nurettin K\u0131rl\u0131o\u011flu, laf de\u011fil vizyon \u00fcrettiklerini belirterek so\u011fuk hava depolar\u0131 ve laboratuvarlar\u0131yla incirin d\u00fcnyadaki merkezi olacak tesisin 2 bin ki\u015fiye istihdam sa\u011flayaca\u011f\u0131n\u0131 a\u00e7\u0131klad\u0131. K\u0131rl\u0131o\u011flu, \u201cBug\u00fcn att\u0131\u011f\u0131m\u0131z ad\u0131mlar\u0131 20 y\u0131l sonra \u00e7ok daha net anlayaca\u011f\u0131z. D\u00fcnyada incir arayanlar\u0131n yegane adresi Nazilli olacak\u201d dedi.<\/p>\n","protected":false},"author":2,"featured_media":2388,"comment_status":"open","ping_status":"closed","sticky":false,"template":"","format":"standard","meta":{"footnotes":""},"categories":[145],"tags":[],"manset":[],"bilesen":[],"class_list":["post-2364","post","type-post","status-publish","format-standard","has-post-thumbnail","hentry","category-kamu-kurum"],"_links":{"self":[{"href":"https:\/\/gazetedokuz.com\/index.php?rest_route=\/wp\/v2\/posts\/2364","targetHints":{"allow":["GET"]}}],"collection":[{"href":"https:\/\/gazetedokuz.com\/index.php?rest_route=\/wp\/v2\/posts"}],"about":[{"href":"https:\/\/gazetedokuz.com\/index.php?rest_route=\/wp\/v2\/types\/post"}],"author":[{"embeddable":true,"href":"https:\/\/gazetedokuz.com\/index.php?rest_route=\/wp\/v2\/users\/2"}],"replies":[{"embeddable":true,"href":"https:\/\/gazetedokuz.com\/index.php?rest_route=%2Fwp%2Fv2%2Fcomments&post=2364"}],"version-history":[{"count":2,"href":"https:\/\/gazetedokuz.com\/index.php?rest_route=\/wp\/v2\/posts\/2364\/revisions"}],"predecessor-version":[{"id":2396,"href":"https:\/\/gazetedokuz.com\/index.php?rest_route=\/wp\/v2\/posts\/2364\/revisions\/2396"}],"wp:featuredmedia":[{"embeddable":true,"href":"https:\/\/gazetedokuz.com\/index.php?rest_route=\/wp\/v2\/media\/2388"}],"wp:attachment":[{"href":"https:\/\/gazetedokuz.com\/index.php?rest_route=%2Fwp%2Fv2%2Fmedia&parent=2364"}],"wp:term":[{"taxonomy":"category","embeddable":true,"href":"https:\/\/gazetedokuz.com\/index.php?rest_route=%2Fwp%2Fv2%2Fcategories&post=2364"},{"taxonomy":"post_tag","embeddable":true,"href":"https:\/\/gazetedokuz.com\/index.php?rest_route=%2Fwp%2Fv2%2Ftags&post=2364"},{"taxonomy":"manset","embeddable":true,"href":"https:\/\/gazetedokuz.com\/index.php?rest_route=%2Fwp%2Fv2%2Fmanset&post=2364"},{"taxonomy":"bilesen","embeddable":true,"href":"https:\/\/gazetedokuz.com\/index.php?rest_route=%2Fwp%2Fv2%2Fbilesen&post=2364"}],"curies":[{"name":"wp","href":"https:\/\/api.w.org\/{rel}","templated":true}]}}