{"id":2361,"date":"2026-09-01T13:09:00","date_gmt":"2026-09-01T10:09:00","guid":{"rendered":"https:\/\/gazetedokuz.com\/?p=2361"},"modified":"2026-09-02T03:16:49","modified_gmt":"2026-09-02T00:16:49","slug":"buyuksehirden-incirliova-yazidere-yoluna-sathi-kaplama-hamlesi","status":"publish","type":"post","link":"https:\/\/gazetedokuz.com\/?p=2361","title":{"rendered":"B\u00fcy\u00fck\u015fehirden \u0130ncirliova Yaz\u0131dere yoluna sathi kaplama hamlesi"},"content":{"rendered":"\n<p class=\"wp-block-paragraph\">Ayd\u0131n B\u00fcy\u00fck\u015fehir Belediyesi, kent genelinde vatanda\u015flar\u0131n ula\u015f\u0131m konforunu ve g\u00fcvenli\u011fini art\u0131rmak amac\u0131yla 17 il\u00e7enin tamam\u0131nda y\u00fcr\u00fctt\u00fc\u011f\u00fc yol yap\u0131m, bak\u0131m ve onar\u0131m seferberli\u011fine aral\u0131ks\u0131z devam ediyor.<\/p>\n\n\n\n<p class=\"wp-block-paragraph\">Bu kapsamda Fen \u0130\u015fleri Dairesi Ba\u015fkanl\u0131\u011f\u0131 Yol Yap\u0131m ve Bak\u0131m \u015eube M\u00fcd\u00fcrl\u00fc\u011f\u00fc ekiplerinin planl\u0131 \u00fcstyap\u0131 \u00e7al\u0131\u015fmas\u0131 ba\u015flatt\u0131\u011f\u0131 son adres, \u0130ncirliova il\u00e7esine ba\u011fl\u0131 Yaz\u0131dere Mahallesi g\u00fczerg\u00e2h\u0131 oldu. \u00c7evredeki bir\u00e7ok mahalleye de ula\u015f\u0131m imk\u00e2n\u0131 sunan kritik yoldaki tahribatlar\u0131 gidermek i\u00e7in harekete ge\u00e7en B\u00fcy\u00fck\u015fehir ekipleri, modern \u015fehircilik vizyonuyla sahada hummal\u0131 bir mesai y\u00fcr\u00fct\u00fcyor.<\/p>\n\n\n\n<p class=\"wp-block-paragraph\"><strong>ZEM\u0130N G\u00dc\u00c7LEND\u0130R\u0130L\u0130YOR, SATH\u0130 KAPLAMA YAPILIYOR<\/strong><\/p>\n\n\n\n<p class=\"wp-block-paragraph\">B\u00f6lgedeki ara\u00e7 trafi\u011fi ve iklim \u015fartlar\u0131 dikkate al\u0131narak projelendirilen \u00fcstyap\u0131 yat\u0131r\u0131m\u0131 kapsam\u0131nda, ilk olarak yolun ta\u015f\u0131ma kapasitesini art\u0131rmak amac\u0131yla kapsaml\u0131 zemin g\u00fc\u00e7lendirme i\u015flemleri uyguland\u0131. Altyap\u0131 haz\u0131rl\u0131klar\u0131n\u0131n tamamlanmas\u0131n\u0131n ard\u0131ndan yolun uzun \u00f6m\u00fcrl\u00fc olmas\u0131 i\u00e7in sathi kaplama serimine ge\u00e7en Fen \u0130\u015fleri m\u00fchendisleri ve personeli, \u00e7al\u0131\u015fmalar\u0131 k\u0131sa s\u00fcre i\u00e7erisinde tamamlamay\u0131 hedefliyor. Yat\u0131r\u0131m\u0131n noktalanmas\u0131yla birlikte \u0130ncirlioval\u0131 s\u00fcr\u00fcc\u00fcler modern, emniyetli ve konforlu yeni bir ula\u015f\u0131m a\u011f\u0131na kavu\u015fmu\u015f olacak.<\/p>\n\n\n\n<p class=\"wp-block-paragraph\"><strong>\u201c17 \u0130L\u00c7EM\u0130Z\u0130N TAMAMINDA YOL YEN\u0130LEMEYE DEVAM ED\u0130YORUZ\u201d<\/strong><\/p>\n\n\n\n<p class=\"wp-block-paragraph\">Ayd\u0131n\u2019\u0131n her noktas\u0131nda e\u015f zamanl\u0131 hizmet \u00fcretmeye kararl\u0131l\u0131kla devam edeceklerini vurgulayan Ayd\u0131n B\u00fcy\u00fck\u015fehir Belediye Ba\u015fkan\u0131 <strong>\u00d6zlem \u00c7er\u00e7io\u011flu<\/strong>, sosyal ve icraat odakl\u0131 belediyecilik mesaj\u0131n\u0131 yineledi.<\/p>\n\n\n\n<p class=\"wp-block-paragraph\">Yat\u0131r\u0131mlar\u0131n h\u0131z kesmeyece\u011fini ifade eden Ba\u015fkan \u00c7er\u00e7io\u011flu, <strong>\u201c17 il\u00e7emizin tamam\u0131nda yol yap\u0131m ve yenileme \u00e7al\u0131\u015fmalar\u0131m\u0131za devam ediyoruz. Yat\u0131r\u0131m ve projelerimizi hem\u015fehrilerimizle bulu\u015fturuyor, kentimizin d\u00f6rt bir yan\u0131nda hizmetlerimizi s\u00fcrd\u00fcr\u00fcyoruz. \u00c7al\u0131\u015fmalar\u0131m\u0131za devam edece\u011fiz. Hizmetle b\u00fcy\u00fcyen Ayd\u0131n\u201d<\/strong> s\u00f6zleriyle sahadaki kararl\u0131l\u0131\u011f\u0131n alt\u0131n\u0131 \u00e7izdi.<\/p>\n","protected":false},"excerpt":{"rendered":"<p>Ayd\u0131n B\u00fcy\u00fck\u015fehir Belediyesi, \u0130ncirliova il\u00e7esinde Yaz\u0131dere Mahallesi ba\u015fta olmak \u00fczere bir\u00e7ok yerle\u015fim yerinin ula\u015f\u0131m aks\u0131n\u0131 sa\u011flayan ba\u011flant\u0131 yolunda yenileme \u00e7al\u0131\u015fmas\u0131 ba\u015flatt\u0131. Fen \u0130\u015fleri Dairesi ekiplerinin y\u00fcr\u00fctt\u00fc\u011f\u00fc mesai kapsam\u0131nda yolda zemin g\u00fc\u00e7lendirme ve sathi kaplama i\u015flemleri ger\u00e7ekle\u015ftiriliyor.<\/p>\n","protected":false},"author":2,"featured_media":2363,"comment_status":"open","ping_status":"closed","sticky":false,"template":"","format":"standard","meta":{"footnotes":""},"categories":[53],"tags":[46,66,47,286],"manset":[],"bilesen":[],"class_list":["post-2361","post","type-post","status-publish","format-standard","has-post-thumbnail","hentry","category-yerel-yonetim","tag-aydin-buyuksehir-belediyesi","tag-incirliova","tag-ozlem-cercioglu","tag-yazidere-mahallesi"],"_links":{"self":[{"href":"https:\/\/gazetedokuz.com\/index.php?rest_route=\/wp\/v2\/posts\/2361","targetHints":{"allow":["GET"]}}],"collection":[{"href":"https:\/\/gazetedokuz.com\/index.php?rest_route=\/wp\/v2\/posts"}],"about":[{"href":"https:\/\/gazetedokuz.com\/index.php?rest_route=\/wp\/v2\/types\/post"}],"author":[{"embeddable":true,"href":"https:\/\/gazetedokuz.com\/index.php?rest_route=\/wp\/v2\/users\/2"}],"replies":[{"embeddable":true,"href":"https:\/\/gazetedokuz.com\/index.php?rest_route=%2Fwp%2Fv2%2Fcomments&post=2361"}],"version-history":[{"count":1,"href":"https:\/\/gazetedokuz.com\/index.php?rest_route=\/wp\/v2\/posts\/2361\/revisions"}],"predecessor-version":[{"id":2362,"href":"https:\/\/gazetedokuz.com\/index.php?rest_route=\/wp\/v2\/posts\/2361\/revisions\/2362"}],"wp:featuredmedia":[{"embeddable":true,"href":"https:\/\/gazetedokuz.com\/index.php?rest_route=\/wp\/v2\/media\/2363"}],"wp:attachment":[{"href":"https:\/\/gazetedokuz.com\/index.php?rest_route=%2Fwp%2Fv2%2Fmedia&parent=2361"}],"wp:term":[{"taxonomy":"category","embeddable":true,"href":"https:\/\/gazetedokuz.com\/index.php?rest_route=%2Fwp%2Fv2%2Fcategories&post=2361"},{"taxonomy":"post_tag","embeddable":true,"href":"https:\/\/gazetedokuz.com\/index.php?rest_route=%2Fwp%2Fv2%2Ftags&post=2361"},{"taxonomy":"manset","embeddable":true,"href":"https:\/\/gazetedokuz.com\/index.php?rest_route=%2Fwp%2Fv2%2Fmanset&post=2361"},{"taxonomy":"bilesen","embeddable":true,"href":"https:\/\/gazetedokuz.com\/index.php?rest_route=%2Fwp%2Fv2%2Fbilesen&post=2361"}],"curies":[{"name":"wp","href":"https:\/\/api.w.org\/{rel}","templated":true}]}}