{"id":2357,"date":"2026-09-01T12:21:00","date_gmt":"2026-09-01T09:21:00","guid":{"rendered":"https:\/\/gazetedokuz.com\/?p=2357"},"modified":"2026-09-02T02:59:38","modified_gmt":"2026-09-01T23:59:38","slug":"nazilli-ticaret-odasi-borsa-ile-ayni-gun-secime-gidecek-1-ekim-2026","status":"publish","type":"post","link":"https:\/\/gazetedokuz.com\/?p=2357","title":{"rendered":"Nazilli Ticaret Odas\u0131 borsa ile ayn\u0131 g\u00fcn se\u00e7ime gidecek: 1 Ekim 2026"},"content":{"rendered":"\n<p class=\"wp-block-paragraph\">T\u00fcrkiye genelindeki t\u00fcm oda ve borsalarda d\u00f6rt y\u0131lda bir ger\u00e7ekle\u015ftirilen se\u00e7im takvimi, T\u00fcrkiye Odalar ve Borsalar Birli\u011fi\u2019nin (TOBB) talimat\u0131 do\u011frultusunda ekim ay\u0131 itibar\u0131yla start al\u0131yor.<\/p>\n\n\n\n<p class=\"wp-block-paragraph\">Nazilli i\u015f d\u00fcnyas\u0131n\u0131n merakla bekledi\u011fi kritik s\u00fcre\u00e7le ilgili en net ad\u0131m Nazilli Ticaret Odas\u0131 (NTO) Y\u00f6netim Kurulu\u2019ndan geldi. \u0130l\u00e7e Se\u00e7im Kurulu Ba\u015fkanl\u0131\u011f\u0131\u2019na gerekli resm\u00ee m\u00fcracaatlar\u0131n tamamland\u0131\u011f\u0131n\u0131 ve se\u00e7im s\u00fcrecinin hukuken ba\u015flad\u0131\u011f\u0131n\u0131 duyuran oda y\u00f6netimi, sand\u0131k g\u00fcn\u00fcn\u00fc belirlerken esnaf\u0131n ve t\u00fcccar\u0131n ticari dinamiklerini \u00f6n planda tuttu.<\/p>\n\n\n\n<p class=\"wp-block-paragraph\"><strong>\u201cPER\u015eEMBE PAZARI VE BORSA SE\u00c7\u0130MLER\u0130 EN \u00d6NEML\u0130 ETKEN OLDU\u201d<\/strong><\/p>\n\n\n\n<p class=\"wp-block-paragraph\">Se\u00e7im tarihinin belirlenmesindeki stratejik nedenlere de\u011finen Nazilli Ticaret Odas\u0131 Y\u00f6netim Kurulu, \u00fcye taleplerinin bu kararda belirleyici oldu\u011funu ifade etti. Y\u00f6netim kurulu taraf\u0131ndan yap\u0131lan resm\u00ee a\u00e7\u0131klamada \u015fu ifadelere yer verildi: <strong>\u201cBug\u00fcne kadar yap\u0131lan \u00fcye ziyaretlerinde Nazilli Pazar\u0131\u2019n\u0131n per\u015fembe g\u00fcn\u00fc yap\u0131lmas\u0131, pazara \u00e7evre il\u00e7elerden gelen tacir ve i\u015fletme sahiplerinin durumu nedeniyle \u00fcyelerimiz taraf\u0131ndan se\u00e7imin per\u015fembe g\u00fcn\u00fc yap\u0131lmas\u0131 talep edilmi\u015ftir. Ayr\u0131ca Nazilli Ticaret Borsas\u0131 se\u00e7iminin de ayn\u0131 g\u00fcn yap\u0131lacak olmas\u0131, Borsa se\u00e7imi i\u00e7in oy kullanacak i\u015fletmenin ayn\u0131 zamanda Ticaret Odas\u0131 \u00fcyesi olmas\u0131 nedeniyle se\u00e7imlerin per\u015fembe g\u00fcn\u00fc yap\u0131lmas\u0131 \u00f6zellikle \u00fcyeye b\u00fcy\u00fck kolayl\u0131k sa\u011flayacakt\u0131r.\u201d<\/strong><\/p>\n\n\n\n<p class=\"wp-block-paragraph\"><strong>BA\u015eKAN NUR\u0130 ARSLAN: \u201c\u00dcYELER\u0130M\u0130Z\u0130N DEMOKRAT\u0130K HAKLARINI KOLAYLA\u015eTIRIYORUZ\u201d<\/strong><\/p>\n\n\n\n<p class=\"wp-block-paragraph\">Se\u00e7im s\u00fcrecinin \u015feffaf ve kat\u0131l\u0131m\u0131 y\u00fcksek bir \u015fekilde ge\u00e7mesini hedeflediklerini belirten NTO Y\u00f6netim Kurulu Ba\u015fkan\u0131 Nuri Arslan, as\u0131rl\u0131k pazar gelene\u011fine ve \u00fcye hassasiyetine dikkat \u00e7ekti. Ba\u015fvurunun detaylar\u0131n\u0131 payla\u015fan Ba\u015fkan Arslan, karar\u0131n arka plan\u0131n\u0131 \u015fu s\u00f6zlerle \u00f6zetledi: <strong>\u201cOda Y\u00f6netim Kurulu olarak se\u00e7im tarihini belirlerken bug\u00fcne kadar \u00fcyelerden ald\u0131\u011f\u0131m\u0131z talepleri dikkate ald\u0131k. Nazilli\u2019de bir as\u0131rdan daha eski bir ge\u00e7mi\u015fe sahip olan Geleneksel Per\u015fembe Pazar\u0131 nedeniyle \u00e7evre alt\u0131 il\u00e7emizde bulunan \u00fcyelerimizin \u00f6nemli bir k\u0131sm\u0131n\u0131n Nazilli\u2019ye gelmesi, Ticaret Borsas\u0131 se\u00e7iminin de ayn\u0131 g\u00fcn yap\u0131lacak olmas\u0131 bu karar\u0131n en \u00f6nemli etkenleri olmu\u015ftur. Takdir edersiniz ki i\u015fyerini kapat\u0131p se\u00e7im i\u00e7in gelecek olan \u00fcyelerimizin say\u0131s\u0131 az de\u011fil. \u00dcyelerimizin demokratik haklar\u0131n\u0131 kullanmalar\u0131n\u0131 kolayla\u015ft\u0131rmak amac\u0131yla oda se\u00e7imlerinin 01 Ekim 2026 tarihinde yap\u0131lmas\u0131 i\u00e7in ba\u015fvurumuzu yapt\u0131k. Yap\u0131lacak se\u00e7imlerin \u015fehrimiz ve b\u00f6lgemiz i\u00e7in hay\u0131rl\u0131 olmas\u0131n\u0131 diliyor, y\u00f6netim kurulu ve oda meclisimiz ad\u0131na sayg\u0131lar\u0131m\u0131 sunuyorum.\u201d<\/strong><\/p>\n","protected":false},"excerpt":{"rendered":"<p>Nazilli Ticaret Odas\u0131, oda se\u00e7imlerinde \u00fcyelerin oy kullanmas\u0131n\u0131 kolayla\u015ft\u0131rmak ad\u0131na Ticaret Borsas\u0131 ile ayn\u0131 g\u00fcn sand\u0131\u011fa gidecek: 1 Ekim 2026, Per\u015fembe&#8230; NTO Ba\u015fkan\u0131 Nuri Arslan, \u0130l\u00e7e Se\u00e7im Kurulu\u2019na resm\u00ee ba\u015fvurunun yap\u0131ld\u0131\u011f\u0131n\u0131 a\u00e7\u0131klad\u0131.<\/p>\n","protected":false},"author":2,"featured_media":2358,"comment_status":"open","ping_status":"closed","sticky":false,"template":"","format":"standard","meta":{"footnotes":""},"categories":[145],"tags":[67,68],"manset":[],"bilesen":[],"class_list":["post-2357","post","type-post","status-publish","format-standard","has-post-thumbnail","hentry","category-kamu-kurum","tag-nazilli-ticaret-odasi","tag-nuri-arslan"],"_links":{"self":[{"href":"https:\/\/gazetedokuz.com\/index.php?rest_route=\/wp\/v2\/posts\/2357","targetHints":{"allow":["GET"]}}],"collection":[{"href":"https:\/\/gazetedokuz.com\/index.php?rest_route=\/wp\/v2\/posts"}],"about":[{"href":"https:\/\/gazetedokuz.com\/index.php?rest_route=\/wp\/v2\/types\/post"}],"author":[{"embeddable":true,"href":"https:\/\/gazetedokuz.com\/index.php?rest_route=\/wp\/v2\/users\/2"}],"replies":[{"embeddable":true,"href":"https:\/\/gazetedokuz.com\/index.php?rest_route=%2Fwp%2Fv2%2Fcomments&post=2357"}],"version-history":[{"count":2,"href":"https:\/\/gazetedokuz.com\/index.php?rest_route=\/wp\/v2\/posts\/2357\/revisions"}],"predecessor-version":[{"id":2360,"href":"https:\/\/gazetedokuz.com\/index.php?rest_route=\/wp\/v2\/posts\/2357\/revisions\/2360"}],"wp:featuredmedia":[{"embeddable":true,"href":"https:\/\/gazetedokuz.com\/index.php?rest_route=\/wp\/v2\/media\/2358"}],"wp:attachment":[{"href":"https:\/\/gazetedokuz.com\/index.php?rest_route=%2Fwp%2Fv2%2Fmedia&parent=2357"}],"wp:term":[{"taxonomy":"category","embeddable":true,"href":"https:\/\/gazetedokuz.com\/index.php?rest_route=%2Fwp%2Fv2%2Fcategories&post=2357"},{"taxonomy":"post_tag","embeddable":true,"href":"https:\/\/gazetedokuz.com\/index.php?rest_route=%2Fwp%2Fv2%2Ftags&post=2357"},{"taxonomy":"manset","embeddable":true,"href":"https:\/\/gazetedokuz.com\/index.php?rest_route=%2Fwp%2Fv2%2Fmanset&post=2357"},{"taxonomy":"bilesen","embeddable":true,"href":"https:\/\/gazetedokuz.com\/index.php?rest_route=%2Fwp%2Fv2%2Fbilesen&post=2357"}],"curies":[{"name":"wp","href":"https:\/\/api.w.org\/{rel}","templated":true}]}}