{"id":2344,"date":"2026-08-31T23:23:51","date_gmt":"2026-08-31T20:23:51","guid":{"rendered":"https:\/\/gazetedokuz.com\/?p=2344"},"modified":"2026-09-01T23:40:49","modified_gmt":"2026-09-01T20:40:49","slug":"sp-aydin-il-divani-il-ve-ilce-teskilatlari-ile-kuyucakta-bulustu","status":"publish","type":"post","link":"https:\/\/gazetedokuz.com\/?p=2344","title":{"rendered":"SP Ayd\u0131n \u0130l Divan\u0131, il ve il\u00e7e te\u015fkilatlar\u0131 ile Kuyucak\u2019ta bulu\u015ftu"},"content":{"rendered":"\n<p class=\"wp-block-paragraph\">\u0130l Divan Toplant\u0131s\u0131\u2019n\u0131 her ay farkl\u0131 bir il\u00e7ede ger\u00e7ekle\u015ftiren Saadet Partisi (SP) Ayd\u0131n \u0130l Ba\u015fkanl\u0131\u011f\u0131, A\u011fustos ay\u0131 toplant\u0131s\u0131n\u0131 Kuyucak U\u011fur Mumcu Park\u2019ta kahvalt\u0131l\u0131 bir program e\u015fli\u011finde ger\u00e7ekle\u015ftirdi.<\/p>\n\n\n\n<p class=\"wp-block-paragraph\">\u0130l Ba\u015fkan\u0131 Hilmi \u00d6zkan\u2019\u0131n yan\u0131 s\u0131ra toplant\u0131ya; \u0130l Ba\u015fkanl\u0131\u011f\u0131 Te\u015fkilat Sorumlusu Musa Muca, M\u00fcfetti\u015f \u0130brahim Ekmek\u00e7i, Denizli \u0130l Te\u015fkilat\u0131 g\u00f6revlisi e\u011fitimci-yazar \u015eakir Tar\u0131m ve il\u00e7e ba\u015fkanlar\u0131, y\u00f6netim kurulu \u00fcyeleri, kad\u0131n kollar\u0131 ve Mill\u00ee G\u00f6r\u00fc\u015f\u00e7\u00fc Kurulu\u015flar\u2019\u0131n (M\u0130LKO) sorumlular\u0131 kat\u0131ld\u0131.<\/p>\n\n\n\n<figure class=\"wp-block-image size-large\"><img loading=\"lazy\" decoding=\"async\" width=\"1024\" height=\"683\" src=\"https:\/\/gazetedokuz.com\/wp-content\/uploads\/2026\/09\/spaydinil-kuyucak-kahvalti-1024x683.jpeg\" alt=\"\" class=\"wp-image-2348\" srcset=\"https:\/\/gazetedokuz.com\/wp-content\/uploads\/2026\/09\/spaydinil-kuyucak-kahvalti-1024x683.jpeg 1024w, https:\/\/gazetedokuz.com\/wp-content\/uploads\/2026\/09\/spaydinil-kuyucak-kahvalti-300x200.jpeg 300w, https:\/\/gazetedokuz.com\/wp-content\/uploads\/2026\/09\/spaydinil-kuyucak-kahvalti-768x512.jpeg 768w, https:\/\/gazetedokuz.com\/wp-content\/uploads\/2026\/09\/spaydinil-kuyucak-kahvalti-282x188.jpeg 282w, https:\/\/gazetedokuz.com\/wp-content\/uploads\/2026\/09\/spaydinil-kuyucak-kahvalti.jpeg 1200w\" sizes=\"auto, (max-width: 1024px) 100vw, 1024px\" \/><\/figure>\n\n\n\n<p class=\"wp-block-paragraph\">Kahvalt\u0131n\u0131n ard\u0131ndan il\u00e7e ba\u015fkanlar\u0131n\u0131n b\u00f6lgelerinde y\u00fcr\u00fctt\u00fckleri saha \u00e7al\u0131\u015fmalar\u0131na dair sunumlar\u0131yla devam eden programda, \u0130l Ba\u015fkan\u0131 Hilmi \u00d6zkan hem d\u0131\u015f politika hem de \u00fclke ekonomisine dair \u00e7ok sert ele\u015ftirilerde bulundu.<\/p>\n\n\n\n<p class=\"wp-block-paragraph\"><strong>\u201cNATO DEMEK KATL\u0130AM DEMEKT\u0130R\u201d<\/strong><\/p>\n\n\n\n<p class=\"wp-block-paragraph\">Toplant\u0131n\u0131n a\u00e7\u0131l\u0131\u015f konu\u015fmas\u0131n\u0131 ger\u00e7ekle\u015ftiren SP Ayd\u0131n \u0130l Ba\u015fkan\u0131 Hilmi \u00d6zkan, d\u0131\u015f politikadaki ittifaklara sert ele\u015ftiriler getirdi. Mekke savunma pakt\u0131 tart\u0131\u015fmalar\u0131na ve bu ittifak\u0131n NATO\u2019nun uzant\u0131s\u0131 oldu\u011fu de\u011ferlendirmelerine dikkat \u00e7eken \u00d6zkan, Hz. Peygamber\u2019in Mekke\u2019nin fethi \u00f6ncesi yapt\u0131\u011f\u0131 ittifaklar\u0131 emsal g\u00f6sterdi. \u00d6zkan, <strong>\u201cNATO demek Srebrenitsa demek, NATO demek Libya katliam\u0131 demek, NATO demek Afganistan katliam\u0131 demek. Sak\u0131n bu ittifak da b\u00f6yle bir katliama vas\u0131ta olmas\u0131n endi\u015fesini ta\u015f\u0131yoruz\u201d<\/strong> ifadelerini kulland\u0131.<\/p>\n\n\n\n<figure class=\"wp-block-image size-large\"><img loading=\"lazy\" decoding=\"async\" width=\"1024\" height=\"683\" src=\"https:\/\/gazetedokuz.com\/wp-content\/uploads\/2026\/09\/spaydinil-kuyucak-01-5-1024x683.jpeg\" alt=\"\" class=\"wp-image-2345\" srcset=\"https:\/\/gazetedokuz.com\/wp-content\/uploads\/2026\/09\/spaydinil-kuyucak-01-5-1024x683.jpeg 1024w, https:\/\/gazetedokuz.com\/wp-content\/uploads\/2026\/09\/spaydinil-kuyucak-01-5-300x200.jpeg 300w, https:\/\/gazetedokuz.com\/wp-content\/uploads\/2026\/09\/spaydinil-kuyucak-01-5-768x512.jpeg 768w, https:\/\/gazetedokuz.com\/wp-content\/uploads\/2026\/09\/spaydinil-kuyucak-01-5-282x188.jpeg 282w, https:\/\/gazetedokuz.com\/wp-content\/uploads\/2026\/09\/spaydinil-kuyucak-01-5.jpeg 1200w\" sizes=\"auto, (max-width: 1024px) 100vw, 1024px\" \/><\/figure>\n\n\n\n<p class=\"wp-block-paragraph\"><strong>SUR\u0130YE\u2019DEK\u0130 GEL\u0130\u015eMELER VE TER\u00d6R \u00d6RG\u00dcT\u00dc UYARILARI<\/strong><\/p>\n\n\n\n<p class=\"wp-block-paragraph\">Suriye\u2019nin kuzeyindeki ter\u00f6r yap\u0131lanmalar\u0131na ve s\u0131n\u0131r g\u00fcvenli\u011fine dair de konu\u015fan \u0130l Ba\u015fkan\u0131 \u00d6zkan, b\u00f6lgenin emperyalist g\u00fc\u00e7ler taraf\u0131ndan yeniden dizayn edilmek istendi\u011fini vurgulad\u0131. Ter\u00f6r \u00f6rg\u00fct\u00fc SDG\u2019nin hamlelerine dikkat \u00e7eken \u00d6zkan, <strong>\u201cSDG ter\u00f6r \u00f6rg\u00fct\u00fc ba\u015f\u0131n\u0131n Suriye cumhurba\u015fkan yard\u0131mc\u0131s\u0131 yap\u0131lmas\u0131 \u00fczerinden b\u00f6lgeyi yeniden dizayn etmekle g\u00f6revli ki\u015fi, yar\u0131n T\u00fcrkiye Cumhurba\u015fkan\u0131 yard\u0131mc\u0131lar\u0131n\u0131n da \u015funlar \u015funlar olsun derse endi\u015fesini ta\u015f\u0131yorum\u201d<\/strong> diyerek k\u0131rm\u0131z\u0131 \u00e7izgileri hat\u0131rlatt\u0131.<\/p>\n\n\n\n<p class=\"wp-block-paragraph\"><strong>\u201cYASTIK ALTINDAK\u0130 ALTINLARI \u0130STEYENLERE \u00dc\u00c7 SORUMUZ VAR\u201d<\/strong><\/p>\n\n\n\n<p class=\"wp-block-paragraph\">H\u00fck\u00fcmetin ekonomi politikalar\u0131n\u0131 ve Cumhurba\u015fkan\u0131 Yard\u0131mc\u0131s\u0131\u2019n\u0131n A\u011fr\u0131-Diyadin alt\u0131n madeni a\u00e7\u0131l\u0131\u015f\u0131ndaki <strong>\u201cHalk\u0131m\u0131z yast\u0131k alt\u0131ndaki alt\u0131nlar\u0131n\u0131 \u00e7\u0131karsa T\u00fcrkiye ekonomik s\u0131k\u0131nt\u0131lardan kurtulur\u201d<\/strong> s\u00f6zlerini ele\u015ftiren \u00d6zkan, iktidara sert sorular y\u00f6neltti: <strong>\u201c\u015eimdi buradan kendilerine soruyoruz: Son 6 ayda faize ne kadar para aktard\u0131n\u0131z? Yine son 6 ayda \u00f6rt\u00fcn\u00fcn alt\u0131ndan (\u00f6rt\u00fcl\u00fc \u00f6denekten) ne kadar para transferi yapt\u0131n\u0131z? Son sorumuz ise itibar\u0131n\u0131z i\u00e7in reklam ve kar\u015f\u0131lama giderlerine ne kadar harcad\u0131n\u0131z? Halktan fedakarl\u0131k isteyenler \u00f6nce bu rakamlar\u0131 a\u00e7\u0131klamal\u0131d\u0131r.\u201d<\/strong><\/p>\n\n\n\n<figure class=\"wp-block-image size-large\"><img loading=\"lazy\" decoding=\"async\" width=\"1024\" height=\"683\" src=\"https:\/\/gazetedokuz.com\/wp-content\/uploads\/2026\/09\/spaydinil-kuyucak-49-1024x683.jpeg\" alt=\"\" class=\"wp-image-2347\" srcset=\"https:\/\/gazetedokuz.com\/wp-content\/uploads\/2026\/09\/spaydinil-kuyucak-49-1024x683.jpeg 1024w, https:\/\/gazetedokuz.com\/wp-content\/uploads\/2026\/09\/spaydinil-kuyucak-49-300x200.jpeg 300w, https:\/\/gazetedokuz.com\/wp-content\/uploads\/2026\/09\/spaydinil-kuyucak-49-768x512.jpeg 768w, https:\/\/gazetedokuz.com\/wp-content\/uploads\/2026\/09\/spaydinil-kuyucak-49-282x188.jpeg 282w, https:\/\/gazetedokuz.com\/wp-content\/uploads\/2026\/09\/spaydinil-kuyucak-49.jpeg 1200w\" sizes=\"auto, (max-width: 1024px) 100vw, 1024px\" \/><\/figure>\n\n\n\n<p class=\"wp-block-paragraph\"><strong>GENEL BA\u015eKAN MAHMUT ARIKAN\u2019DAN NAZ\u0130LL\u0130\u2019YE BA\u015eARI BELGES\u0130<\/strong><\/p>\n\n\n\n<p class=\"wp-block-paragraph\">SP Ayd\u0131n A\u011fustos ay\u0131 Divan Toplant\u0131s\u0131\u2019n\u0131n son b\u00f6l\u00fcm\u00fcnde ba\u015far\u0131l\u0131 te\u015fkilat mensuplar\u0131 i\u00e7in \u00f6d\u00fcl t\u00f6reni d\u00fczenlendi.<\/p>\n\n\n\n<p class=\"wp-block-paragraph\">Partinin t\u00fcm T\u00fcrkiye genelinde ba\u015flatt\u0131\u011f\u0131 <strong>\u201c2026 \u00dcye Kampanyas\u0131\u201d<\/strong> \u00e7al\u0131\u015fmalar\u0131nda belirlenen hedefi tutturma ba\u015far\u0131s\u0131 g\u00f6steren Nazilli \u0130l\u00e7e Ba\u015fkan\u0131 Burhan Sa\u011fat, Nazilli \u0130l\u00e7e Kad\u0131n Kollar\u0131 E\u011fitim Birimi Ba\u015fkan\u0131 Emine \u00d6zkan ve Efeler \u0130l\u00e7e Y\u00f6netim Kurulu \u00dcyesi Mustafa Ali Metin\u2019 e, Genel Ba\u015fkan Mahmut Ar\u0131kan\u2019\u0131n \u0131slak imzas\u0131 bulunan \u2018Ba\u015far\u0131 Belgesi\u2019 takdim edildi.<\/p>\n\n\n\n<p class=\"wp-block-paragraph\">Toplant\u0131, g\u00fcn\u00fcn an\u0131s\u0131na \u00e7ekilen foto\u011fraflarla sona erdi.<\/p>\n","protected":false},"excerpt":{"rendered":"<p>Her ay farkl\u0131 bir il\u00e7ede d\u00fczenlenen Saadet Partisi Ayd\u0131n \u0130l Ba\u015fkanl\u0131\u011f\u0131 Divan\u0131, a\u011fustos ay\u0131 mesaisini Kuyucak\u2019ta kahvalt\u0131l\u0131 programla ger\u00e7ekle\u015ftirdi. \u0130l Ba\u015fkan\u0131 Hilmi \u00d6zkan liderli\u011findeki toplant\u0131da, il\u00e7e bazl\u0131 saha \u00e7al\u0131\u015fmalar\u0131 masaya yat\u0131r\u0131l\u0131rken Nazilli \u0130l\u00e7e Ba\u015fkan\u0131 Burhan Sa\u011fat, \u201c2026 \u00dcye Kampanyas\u0131\u201d\u0131nda g\u00f6sterdi\u011fi performansla \u2018Ba\u015far\u0131 Belgesi\u2019ne lay\u0131k g\u00f6r\u00fcld\u00fc. Toplant\u0131da konu\u015fan \u00d6zkan, hem d\u0131\u015f politika hem de \u00fclke ekonomisine dair \u00e7ok sert ele\u015ftirilerde bulundu.<\/p>\n","protected":false},"author":2,"featured_media":2346,"comment_status":"open","ping_status":"closed","sticky":false,"template":"","format":"standard","meta":{"footnotes":""},"categories":[1],"tags":[],"manset":[],"bilesen":[],"class_list":["post-2344","post","type-post","status-publish","format-standard","has-post-thumbnail","hentry","category-uncategorized"],"_links":{"self":[{"href":"https:\/\/gazetedokuz.com\/index.php?rest_route=\/wp\/v2\/posts\/2344","targetHints":{"allow":["GET"]}}],"collection":[{"href":"https:\/\/gazetedokuz.com\/index.php?rest_route=\/wp\/v2\/posts"}],"about":[{"href":"https:\/\/gazetedokuz.com\/index.php?rest_route=\/wp\/v2\/types\/post"}],"author":[{"embeddable":true,"href":"https:\/\/gazetedokuz.com\/index.php?rest_route=\/wp\/v2\/users\/2"}],"replies":[{"embeddable":true,"href":"https:\/\/gazetedokuz.com\/index.php?rest_route=%2Fwp%2Fv2%2Fcomments&post=2344"}],"version-history":[{"count":3,"href":"https:\/\/gazetedokuz.com\/index.php?rest_route=\/wp\/v2\/posts\/2344\/revisions"}],"predecessor-version":[{"id":2353,"href":"https:\/\/gazetedokuz.com\/index.php?rest_route=\/wp\/v2\/posts\/2344\/revisions\/2353"}],"wp:featuredmedia":[{"embeddable":true,"href":"https:\/\/gazetedokuz.com\/index.php?rest_route=\/wp\/v2\/media\/2346"}],"wp:attachment":[{"href":"https:\/\/gazetedokuz.com\/index.php?rest_route=%2Fwp%2Fv2%2Fmedia&parent=2344"}],"wp:term":[{"taxonomy":"category","embeddable":true,"href":"https:\/\/gazetedokuz.com\/index.php?rest_route=%2Fwp%2Fv2%2Fcategories&post=2344"},{"taxonomy":"post_tag","embeddable":true,"href":"https:\/\/gazetedokuz.com\/index.php?rest_route=%2Fwp%2Fv2%2Ftags&post=2344"},{"taxonomy":"manset","embeddable":true,"href":"https:\/\/gazetedokuz.com\/index.php?rest_route=%2Fwp%2Fv2%2Fmanset&post=2344"},{"taxonomy":"bilesen","embeddable":true,"href":"https:\/\/gazetedokuz.com\/index.php?rest_route=%2Fwp%2Fv2%2Fbilesen&post=2344"}],"curies":[{"name":"wp","href":"https:\/\/api.w.org\/{rel}","templated":true}]}}