{"id":2333,"date":"2026-09-01T13:15:00","date_gmt":"2026-09-01T10:15:00","guid":{"rendered":"https:\/\/gazetedokuz.com\/?p=2333"},"modified":"2026-09-01T21:31:31","modified_gmt":"2026-09-01T18:31:31","slug":"yeni-adli-yil-bassavci-kararti-yeni-donemin-onceliklerini-acikladi","status":"publish","type":"post","link":"https:\/\/gazetedokuz.com\/?p=2333","title":{"rendered":"Yeni Adli Y\u0131l&#8230; Ba\u015fsavc\u0131 Karart\u0131 yeni d\u00f6nemin \u00f6nceliklerini a\u00e7\u0131klad\u0131"},"content":{"rendered":"\n<p class=\"wp-block-paragraph\">Nazilli\u2019de hukukun \u00fcst\u00fcnl\u00fc\u011f\u00fcn\u00fc, adaleti ve toplumsal huzuru tesis etmek amac\u0131yla gece g\u00fcnd\u00fcz demeden \u00e7al\u0131\u015fan yarg\u0131 mensuplar\u0131 ile baro temsilcileri, d\u00fczenlenen resm\u00ee t\u00f6renle yeni adli y\u0131la \u2018merhaba\u2019 dedi.<\/p>\n\n\n\n<p class=\"wp-block-paragraph\">Nazilli Adalet Saray\u0131 bah\u00e7esinde ger\u00e7ekle\u015ftirilen <strong>\u201c2026-2027 Adli Y\u0131l A\u00e7\u0131l\u0131\u015f T\u00f6reni\u201d<\/strong>, Atat\u00fcrk B\u00fcst\u00fc&#8217;ne Nazilli Cumhuriyet Ba\u015fsavc\u0131l\u0131\u011f\u0131 ve Ayd\u0131n Barosu Nazilli Temsilcili\u011fi&#8217;nin \u00e7elenklerinin sunulmas\u0131yla ba\u015flad\u0131. \u015eehitler i\u00e7in sayg\u0131 duru\u015funda bulunulmas\u0131 ve \u0130stiklal Mar\u015f\u0131&#8217;n\u0131n okunmas\u0131n\u0131n ard\u0131ndan adliye \u00f6n\u00fcnde devam eden programda; yeni d\u00f6nemde uyu\u015fturucu, sanal kumar ve \u00f6rg\u00fctl\u00fc su\u00e7larla \u00e7ok daha etkin m\u00fccadele edilece\u011finin mesaj\u0131 verildi.<\/p>\n\n\n\n<figure class=\"wp-block-image size-large\"><img loading=\"lazy\" decoding=\"async\" width=\"1024\" height=\"683\" src=\"https:\/\/gazetedokuz.com\/wp-content\/uploads\/2026\/09\/adliyil-3lu-1024x683.jpeg\" alt=\"\" class=\"wp-image-2334\" srcset=\"https:\/\/gazetedokuz.com\/wp-content\/uploads\/2026\/09\/adliyil-3lu-1024x683.jpeg 1024w, https:\/\/gazetedokuz.com\/wp-content\/uploads\/2026\/09\/adliyil-3lu-300x200.jpeg 300w, https:\/\/gazetedokuz.com\/wp-content\/uploads\/2026\/09\/adliyil-3lu-768x512.jpeg 768w, https:\/\/gazetedokuz.com\/wp-content\/uploads\/2026\/09\/adliyil-3lu-282x188.jpeg 282w, https:\/\/gazetedokuz.com\/wp-content\/uploads\/2026\/09\/adliyil-3lu.jpeg 1200w\" sizes=\"auto, (max-width: 1024px) 100vw, 1024px\" \/><\/figure>\n\n\n\n<p class=\"wp-block-paragraph\">Resm\u00ee a\u00e7\u0131l\u0131\u015f t\u00f6renine; Nazilli Kaymakam\u0131 Huriye K\u00fcpeli Kan, Nazilli Belediye Ba\u015fkan\u0131 Opr. Dr. Ertu\u011frul Tetik, Nazilli Cumhuriyet Ba\u015fsavc\u0131s\u0131 G\u00fcn\u015fafak Karart\u0131, Nazilli Adli Yarg\u0131 \u0130lk Derece Mahkemesi Adalet Komisyonu Ba\u015fkan\u0131 Nusret Emirosmano\u011flu, Cumhuriyet Ba\u015fsavc\u0131 Vekili Emre \u00d6ner, \u0130l\u00e7e Emniyet M\u00fcd\u00fcr\u00fc Erdal Esen ve \u0130l\u00e7e Jandarma Komutan\u0131 Binba\u015f\u0131 Ahmet Refik \u00d6zsoy&#8217;un yan\u0131 s\u0131ra Nazilli Adliyesi&#8217;nde g\u00f6revli hakimler, savc\u0131lar, avukatlar ve personel kat\u0131ld\u0131.<\/p>\n\n\n\n<figure class=\"wp-block-image size-large\"><img loading=\"lazy\" decoding=\"async\" width=\"1024\" height=\"683\" src=\"https:\/\/gazetedokuz.com\/wp-content\/uploads\/2026\/09\/adliyil-emelsahin-53-1024x683.jpeg\" alt=\"\" class=\"wp-image-2336\" srcset=\"https:\/\/gazetedokuz.com\/wp-content\/uploads\/2026\/09\/adliyil-emelsahin-53-1024x683.jpeg 1024w, https:\/\/gazetedokuz.com\/wp-content\/uploads\/2026\/09\/adliyil-emelsahin-53-300x200.jpeg 300w, https:\/\/gazetedokuz.com\/wp-content\/uploads\/2026\/09\/adliyil-emelsahin-53-768x512.jpeg 768w, https:\/\/gazetedokuz.com\/wp-content\/uploads\/2026\/09\/adliyil-emelsahin-53-282x188.jpeg 282w, https:\/\/gazetedokuz.com\/wp-content\/uploads\/2026\/09\/adliyil-emelsahin-53.jpeg 1200w\" sizes=\"auto, (max-width: 1024px) 100vw, 1024px\" \/><figcaption class=\"wp-element-caption\">Ayd\u0131n Barosu Nazilli Temsilcisi Av. Emel \u015eahin<\/figcaption><\/figure>\n\n\n\n<p class=\"wp-block-paragraph\"><strong>BARO TEMS\u0130LC\u0130S\u0130 \u015eAH\u0130N: \u201cADALET SADECE M\u00dcLK\u00dcN DE\u011e\u0130L, \u0130NSANLI\u011eIN TEMEL\u0130D\u0130R\u201d<\/strong><\/p>\n\n\n\n<p class=\"wp-block-paragraph\">T\u00f6rende k\u00fcrs\u00fcye ilk olarak \u00e7\u0131kan\u00a0<strong>Ayd\u0131n Barosu Nazilli Temsilcisi Av. Emel \u015eahin<\/strong>, 30 A\u011fustos Zafer Bayram\u0131\u2019n\u0131 kutlayarak ba\u015flad\u0131\u011f\u0131 konu\u015fmas\u0131nda, yarg\u0131n\u0131n kurucu unsuru olan savunma makam\u0131n\u0131n \u00f6nemine de\u011findi. Sosyal medya bask\u0131s\u0131ndan uzak bir yarg\u0131 sisteminin \u00f6nemini vurgulayan \u015eahin, \u015funlar\u0131 s\u00f6yledi: <strong>\u201cAdalet sadece m\u00fclk\u00fcn de\u011fil; huzurun, demokrasinin ve insanl\u0131\u011f\u0131n temelidir. Mahkemelerden \u00e7\u0131kan kararlar\u0131n toplum vicdan\u0131nda kar\u015f\u0131l\u0131k bulmas\u0131, yarg\u0131n\u0131n hi\u00e7bir beklenti veya korku i\u00e7inde olmadan, sosyal medyan\u0131n bask\u0131s\u0131 alt\u0131nda kalmadan sadece deliller \u0131\u015f\u0131\u011f\u0131nda hareket etmesiyle m\u00fcmk\u00fcnd\u00fcr. Dosyan\u0131n iki kapa\u011f\u0131 aras\u0131nda insan, empati ve vicdan vard\u0131r. S\u0131rf mesle\u011fini yerine getirdi\u011fi i\u00e7in sald\u0131r\u0131ya u\u011frayan avukatlar\u0131m\u0131za y\u00f6nelik fiili ve s\u00f6zel \u015fiddetin son bulmas\u0131n\u0131 diliyoruz. Avukatlar\u0131n ekonomik ve mesleki g\u00fcvenceden yoksun b\u0131rak\u0131lmas\u0131, adil yarg\u0131lanma hakk\u0131n\u0131 olanaks\u0131zla\u015ft\u0131r\u0131r.\u201d<\/strong><\/p>\n\n\n\n<figure class=\"wp-block-image size-large\"><img loading=\"lazy\" decoding=\"async\" width=\"1024\" height=\"683\" src=\"https:\/\/gazetedokuz.com\/wp-content\/uploads\/2026\/09\/adliyil-nusretemirosmanoglu-54-1-1024x683.jpeg\" alt=\"\" class=\"wp-image-2340\" srcset=\"https:\/\/gazetedokuz.com\/wp-content\/uploads\/2026\/09\/adliyil-nusretemirosmanoglu-54-1-1024x683.jpeg 1024w, https:\/\/gazetedokuz.com\/wp-content\/uploads\/2026\/09\/adliyil-nusretemirosmanoglu-54-1-768x512.jpeg 768w, https:\/\/gazetedokuz.com\/wp-content\/uploads\/2026\/09\/adliyil-nusretemirosmanoglu-54-1-300x200.jpeg 300w, https:\/\/gazetedokuz.com\/wp-content\/uploads\/2026\/09\/adliyil-nusretemirosmanoglu-54-1-282x188.jpeg 282w, https:\/\/gazetedokuz.com\/wp-content\/uploads\/2026\/09\/adliyil-nusretemirosmanoglu-54-1.jpeg 1200w\" sizes=\"auto, (max-width: 1024px) 100vw, 1024px\" \/><figcaption class=\"wp-element-caption\">Nazilli Adalet Komisyonu Ba\u015fkan\u0131 Nusret Emirosmano\u011flu<\/figcaption><\/figure>\n\n\n\n<p class=\"wp-block-paragraph\"><strong><strong>KOM\u0130SYON BA\u015eKANI EM\u0130ROSMANO\u011eLU: \u201cNAZ\u0130LL\u0130 ADL\u0130YES\u0130\u2019N\u0130N \u0130\u015e Y\u00dcK\u00dc EMSALLER\u0130NE G\u00d6RE \u00c7OK FAZLA\u201d<\/strong><\/strong><\/p>\n\n\n\n<p class=\"wp-block-paragraph\">T\u00f6renin ikinci konu\u015fmas\u0131n\u0131 yapan\u00a0<strong>Nazilli Adalet Komisyonu Ba\u015fkan\u0131 Nusret Emirosmano\u011flu<\/strong>, cumhuriyetin kurucusu Gazi Mustafa Kemal Atat\u00fcrk\u2019\u00fc ve g\u00f6rev \u015fehitlerini anarak konu\u015fmas\u0131na ba\u015flad\u0131. 2017 y\u0131l\u0131nda \u015fehit d\u00fc\u015fen hakim Onur Alan\u2019\u0131 rahmetle y\u00e2d eden Emirosmano\u011flu, Nazilli Adliyesi&#8217;nin sorumluluk alan\u0131n\u0131n b\u00fcy\u00fckl\u00fc\u011f\u00fcne dikkat \u00e7ekti: <strong><strong>\u201cNazilli adliyemizin yarg\u0131 \u00e7evresinde il\u00e7emiz haricinde Kuyucak, Buharkent, Sultanhisar ve Yenipazar il\u00e7eleri de bulunmakta; Bozdo\u011fan ve Karacasu il\u00e7eleri de a\u011f\u0131r ceza merkezi olarak adliyemize ba\u011fl\u0131 oldu\u011fundan emsallerine g\u00f6re fazlaca bir i\u015f y\u00fck\u00fcne sahiptir. Buna ra\u011fmen \u00e7al\u0131\u015fma arkada\u015flar\u0131m\u0131z mesai mefhumu g\u00f6zetmeksizin \u00e7al\u0131\u015fmaktad\u0131r. \u00d6n\u00fcm\u00fczdeki d\u00f6nemde de yarg\u0131lamalar\u0131n makul s\u00fcrede tamamlanmas\u0131, adalete eri\u015fimin kolayla\u015fmas\u0131 ve vatanda\u015flar\u0131m\u0131z\u0131n adalet duygusunun tatmini \u00f6ncelikli hedefimiz olacakt\u0131r.\u201d<\/strong><\/strong><\/p>\n\n\n\n<figure class=\"wp-block-image size-large\"><img loading=\"lazy\" decoding=\"async\" width=\"1024\" height=\"684\" src=\"https:\/\/gazetedokuz.com\/wp-content\/uploads\/2026\/09\/adliyil-gunsafakkararti-55-1-1024x684.jpeg\" alt=\"\" class=\"wp-image-2337\" srcset=\"https:\/\/gazetedokuz.com\/wp-content\/uploads\/2026\/09\/adliyil-gunsafakkararti-55-1-1024x684.jpeg 1024w, https:\/\/gazetedokuz.com\/wp-content\/uploads\/2026\/09\/adliyil-gunsafakkararti-55-1-300x200.jpeg 300w, https:\/\/gazetedokuz.com\/wp-content\/uploads\/2026\/09\/adliyil-gunsafakkararti-55-1-767x512.jpeg 767w, https:\/\/gazetedokuz.com\/wp-content\/uploads\/2026\/09\/adliyil-gunsafakkararti-55-1-282x188.jpeg 282w, https:\/\/gazetedokuz.com\/wp-content\/uploads\/2026\/09\/adliyil-gunsafakkararti-55-1.jpeg 1200w\" sizes=\"auto, (max-width: 1024px) 100vw, 1024px\" \/><figcaption class=\"wp-element-caption\">Nazilli Cumhuriyet Ba\u015fsavc\u0131s\u0131 G\u00fcn\u015fafak Karart\u0131<\/figcaption><\/figure>\n\n\n\n<p class=\"wp-block-paragraph\"><strong><strong>BA\u015eSAVCI KARARTI: \u201cUYU\u015eTURUCU, SANAL KUMAR VE KARA PARA \u0130LE M\u00dcCADELE \u00d6NCEL\u0130\u011e\u0130M\u0130Z\u201d<\/strong><\/strong><\/p>\n\n\n\n<p class=\"wp-block-paragraph\">T\u00f6renin son konu\u015fmas\u0131n\u0131 ger\u00e7ekle\u015ftiren <strong>Nazilli Cumhuriyet Ba\u015fsavc\u0131s\u0131 G\u00fcn\u015fafak Karart\u0131<\/strong> ise yeni adli y\u0131lda adliyenin k\u0131rm\u0131z\u0131 \u00e7izgilerini ve kararl\u0131l\u0131kla \u00fczerine gidilecek su\u00e7 tiplerini net bir \u015fekilde ilan etti.<\/p>\n\n\n\n<p class=\"wp-block-paragraph\">\u0130nsan onurunu merkeze alan bir adalet anlay\u0131\u015f\u0131yla \u00e7al\u0131\u015facaklar\u0131n\u0131 belirten Ba\u015fsavc\u0131 Karart\u0131, \u015fu ifadeleri kulland\u0131:\u00a0<strong>\u201cYeni d\u00f6nemde uyu\u015fturucu, yasad\u0131\u015f\u0131 bahis, sanal kumar, kara para aklama ve \u00f6rg\u00fctl\u00fc su\u00e7larla etkin m\u00fccadele \u00f6nceliklerimiz aras\u0131ndad\u0131r. Yine faili me\u00e7hul \u00f6l\u00fcm olaylar\u0131 ile ilgili soru\u015fturmalar evveliyetle \u00fcst\u00fcnde duraca\u011f\u0131m\u0131z konular\u0131n ba\u015f\u0131nda gelmektedir. Sadece su\u00e7la m\u00fccadele de\u011fil; insan onurunu merkeze alan bir adalet anlay\u0131\u015f\u0131n\u0131n tesisi i\u00e7in de var g\u00fcc\u00fcm\u00fczle \u00e7al\u0131\u015faca\u011f\u0131z. Bundan kimsenin \u015f\u00fcphesi olmas\u0131n. Ba\u011f\u0131ms\u0131z, tarafs\u0131z ve gecikmeyen adalet sistemi, g\u00fc\u00e7l\u00fc devletin ve huzurlu toplumun vazge\u00e7ilmez \u015fart\u0131d\u0131r.\u201d<\/strong><\/p>\n\n\n\n<figure class=\"wp-block-gallery has-nested-images columns-default is-cropped wp-block-gallery-1 is-layout-flex wp-block-gallery-is-layout-flex\">\n<figure class=\"wp-block-image size-large\"><img loading=\"lazy\" decoding=\"async\" width=\"1024\" height=\"683\" data-id=\"2339\" src=\"https:\/\/gazetedokuz.com\/wp-content\/uploads\/2026\/09\/adliyil-kokteyl-58-1-1024x683.jpeg\" alt=\"\" class=\"wp-image-2339\" srcset=\"https:\/\/gazetedokuz.com\/wp-content\/uploads\/2026\/09\/adliyil-kokteyl-58-1-1024x683.jpeg 1024w, https:\/\/gazetedokuz.com\/wp-content\/uploads\/2026\/09\/adliyil-kokteyl-58-1-300x200.jpeg 300w, https:\/\/gazetedokuz.com\/wp-content\/uploads\/2026\/09\/adliyil-kokteyl-58-1-768x512.jpeg 768w, https:\/\/gazetedokuz.com\/wp-content\/uploads\/2026\/09\/adliyil-kokteyl-58-1-282x188.jpeg 282w, https:\/\/gazetedokuz.com\/wp-content\/uploads\/2026\/09\/adliyil-kokteyl-58-1.jpeg 1200w\" sizes=\"auto, (max-width: 1024px) 100vw, 1024px\" \/><\/figure>\n\n\n\n<figure class=\"wp-block-image size-large\"><img loading=\"lazy\" decoding=\"async\" width=\"1024\" height=\"683\" data-id=\"2342\" src=\"https:\/\/gazetedokuz.com\/wp-content\/uploads\/2026\/09\/adliyil-kokteyl-59-1024x683.jpeg\" alt=\"\" class=\"wp-image-2342\" srcset=\"https:\/\/gazetedokuz.com\/wp-content\/uploads\/2026\/09\/adliyil-kokteyl-59-1024x683.jpeg 1024w, https:\/\/gazetedokuz.com\/wp-content\/uploads\/2026\/09\/adliyil-kokteyl-59-300x200.jpeg 300w, https:\/\/gazetedokuz.com\/wp-content\/uploads\/2026\/09\/adliyil-kokteyl-59-768x512.jpeg 768w, https:\/\/gazetedokuz.com\/wp-content\/uploads\/2026\/09\/adliyil-kokteyl-59-282x188.jpeg 282w, https:\/\/gazetedokuz.com\/wp-content\/uploads\/2026\/09\/adliyil-kokteyl-59.jpeg 1200w\" sizes=\"auto, (max-width: 1024px) 100vw, 1024px\" \/><\/figure>\n<\/figure>\n\n\n\n<p class=\"wp-block-paragraph\"><strong>T\u00d6REN, KOKTEYL \u0130LE SON BULDU&nbsp;<\/strong><\/p>\n\n\n\n<p class=\"wp-block-paragraph\">Adliye \u00f6n\u00fcndeki konu\u015fmalar\u0131n tamamlanmas\u0131n\u0131n ard\u0131ndan protokol \u00fcyeleri, yarg\u0131 mensuplar\u0131 ve adliye personeli kokteyl i\u00e7in i\u00e7eriye ge\u00e7ti. Konferans salonunda d\u00fczenlenen kokteyl organizasyonunda yeni d\u00f6neme dair ba\u015far\u0131 dilekleri payla\u015f\u0131ld\u0131 ve t\u00f6ren, s\u0131cak bir atmosferde sona erdi.<\/p>\n\n\n\n<figure class=\"wp-block-image size-large\"><img loading=\"lazy\" decoding=\"async\" width=\"1024\" height=\"683\" src=\"https:\/\/gazetedokuz.com\/wp-content\/uploads\/2026\/09\/adliyil-toplu-1024x683.jpeg\" alt=\"\" class=\"wp-image-2341\" srcset=\"https:\/\/gazetedokuz.com\/wp-content\/uploads\/2026\/09\/adliyil-toplu-1024x683.jpeg 1024w, https:\/\/gazetedokuz.com\/wp-content\/uploads\/2026\/09\/adliyil-toplu-300x200.jpeg 300w, https:\/\/gazetedokuz.com\/wp-content\/uploads\/2026\/09\/adliyil-toplu-768x512.jpeg 768w, https:\/\/gazetedokuz.com\/wp-content\/uploads\/2026\/09\/adliyil-toplu-282x188.jpeg 282w, https:\/\/gazetedokuz.com\/wp-content\/uploads\/2026\/09\/adliyil-toplu.jpeg 1200w\" sizes=\"auto, (max-width: 1024px) 100vw, 1024px\" \/><\/figure>\n<\/p>","protected":false},"excerpt":{"rendered":"<p>Nazilli Cumhuriyet Ba\u015fsavc\u0131s\u0131 G\u00fcn\u015fafak Karart\u0131, yeni adli y\u0131l a\u00e7\u0131l\u0131\u015f t\u00f6reninde yapt\u0131\u011f\u0131 konu\u015fmada uyu\u015fturucu, sanal kumar ve kara para aklama su\u00e7lar\u0131na kar\u015f\u0131 tavizsiz bir m\u00fccadele d\u00f6nemi ba\u015flatt\u0131klar\u0131n\u0131 ilan etti. Faili me\u00e7hul dosyalar\u0131n evveliyetle \u00fczerine gidilece\u011fini belirten Ba\u015fsavc\u0131 Karart\u0131, ba\u011f\u0131ms\u0131z ve tarafs\u0131z adalet vurgusu yapt\u0131.<\/p>\n","protected":false},"author":2,"featured_media":2335,"comment_status":"open","ping_status":"closed","sticky":false,"template":"","format":"standard","meta":{"footnotes":""},"categories":[145],"tags":[278,279,280],"manset":[],"bilesen":[],"class_list":["post-2333","post","type-post","status-publish","format-standard","has-post-thumbnail","hentry","category-kamu-kurum","tag-2026-2027-adli-yil-acilis-toreni","tag-nazilli-adalet-sarayi","tag-nazilli-cumhuriyet-bassavcisi-gunsafak-kararti"],"_links":{"self":[{"href":"https:\/\/gazetedokuz.com\/index.php?rest_route=\/wp\/v2\/posts\/2333","targetHints":{"allow":["GET"]}}],"collection":[{"href":"https:\/\/gazetedokuz.com\/index.php?rest_route=\/wp\/v2\/posts"}],"about":[{"href":"https:\/\/gazetedokuz.com\/index.php?rest_route=\/wp\/v2\/types\/post"}],"author":[{"embeddable":true,"href":"https:\/\/gazetedokuz.com\/index.php?rest_route=\/wp\/v2\/users\/2"}],"replies":[{"embeddable":true,"href":"https:\/\/gazetedokuz.com\/index.php?rest_route=%2Fwp%2Fv2%2Fcomments&post=2333"}],"version-history":[{"count":1,"href":"https:\/\/gazetedokuz.com\/index.php?rest_route=\/wp\/v2\/posts\/2333\/revisions"}],"predecessor-version":[{"id":2343,"href":"https:\/\/gazetedokuz.com\/index.php?rest_route=\/wp\/v2\/posts\/2333\/revisions\/2343"}],"wp:featuredmedia":[{"embeddable":true,"href":"https:\/\/gazetedokuz.com\/index.php?rest_route=\/wp\/v2\/media\/2335"}],"wp:attachment":[{"href":"https:\/\/gazetedokuz.com\/index.php?rest_route=%2Fwp%2Fv2%2Fmedia&parent=2333"}],"wp:term":[{"taxonomy":"category","embeddable":true,"href":"https:\/\/gazetedokuz.com\/index.php?rest_route=%2Fwp%2Fv2%2Fcategories&post=2333"},{"taxonomy":"post_tag","embeddable":true,"href":"https:\/\/gazetedokuz.com\/index.php?rest_route=%2Fwp%2Fv2%2Ftags&post=2333"},{"taxonomy":"manset","embeddable":true,"href":"https:\/\/gazetedokuz.com\/index.php?rest_route=%2Fwp%2Fv2%2Fmanset&post=2333"},{"taxonomy":"bilesen","embeddable":true,"href":"https:\/\/gazetedokuz.com\/index.php?rest_route=%2Fwp%2Fv2%2Fbilesen&post=2333"}],"curies":[{"name":"wp","href":"https:\/\/api.w.org\/{rel}","templated":true}]}}