{"id":2325,"date":"2026-08-30T16:06:00","date_gmt":"2026-08-30T13:06:00","guid":{"rendered":"https:\/\/gazetedokuz.com\/?p=2325"},"modified":"2026-08-31T04:19:19","modified_gmt":"2026-08-31T01:19:19","slug":"chp-ve-yeni-parti-30-agustosu-alternatif-torenle-kutladi","status":"publish","type":"post","link":"https:\/\/gazetedokuz.com\/?p=2325","title":{"rendered":"CHP ve YEN\u0130 Parti, 30 A\u011fustos\u2019u \u2018Alternatif T\u00f6ren\u2019le kutlad\u0131"},"content":{"rendered":"\n<p class=\"wp-block-paragraph\"><strong>(AYDIN \/ NAZ\u0130LL\u0130)<\/strong> Nazilli Kaymakaml\u0131\u011f\u0131\u2019n\u0131n resmi 30 A\u011fustos Zafer Bayram\u0131 t\u00f6renlerinin ard\u0131ndan, Cumhuriyet Halk Partisi (CHP) Nazilli \u0130l\u00e7e \u00d6rg\u00fct\u00fc ve YEN\u0130 Parti Nazilli \u0130l\u00e7e \u00d6rg\u00fct\u00fc art arda \u2018Alternatif T\u00f6ren\u2019 d\u00fczenledi.<\/p>\n\n\n\n<figure class=\"wp-block-image size-large\"><img loading=\"lazy\" decoding=\"async\" width=\"1024\" height=\"694\" src=\"https:\/\/gazetedokuz.com\/wp-content\/uploads\/2026\/08\/30agustos-CHP-42-1024x694.jpeg\" alt=\"\" class=\"wp-image-2329\" srcset=\"https:\/\/gazetedokuz.com\/wp-content\/uploads\/2026\/08\/30agustos-CHP-42-1024x694.jpeg 1024w, https:\/\/gazetedokuz.com\/wp-content\/uploads\/2026\/08\/30agustos-CHP-42-300x203.jpeg 300w, https:\/\/gazetedokuz.com\/wp-content\/uploads\/2026\/08\/30agustos-CHP-42-768x520.jpeg 768w, https:\/\/gazetedokuz.com\/wp-content\/uploads\/2026\/08\/30agustos-CHP-42.jpeg 1200w\" sizes=\"auto, (max-width: 1024px) 100vw, 1024px\" \/><\/figure>\n\n\n\n<p class=\"wp-block-paragraph\">\u0130lk olarak CHP Nazilli \u0130l\u00e7e Ba\u015fkan\u0131 Naim Atmaca, y\u00f6netim kurulu \u00fcyeleriyle birlikte Atat\u00fcrk An\u0131t\u0131\u2019na \u0130l\u00e7e Ba\u015fkanl\u0131\u011f\u0131 \u00e7elengini takdim ederek selamlay\u0131p hemen alandan ayr\u0131ld\u0131.<\/p>\n\n\n\n<figure class=\"wp-block-gallery has-nested-images columns-default is-cropped wp-block-gallery-1 is-layout-flex wp-block-gallery-is-layout-flex\">\n<figure class=\"wp-block-image size-large\"><img loading=\"lazy\" decoding=\"async\" width=\"1024\" height=\"683\" data-id=\"2327\" src=\"https:\/\/gazetedokuz.com\/wp-content\/uploads\/2026\/08\/30agustos-YENI-349-1024x683.jpeg\" alt=\"\" class=\"wp-image-2327\" srcset=\"https:\/\/gazetedokuz.com\/wp-content\/uploads\/2026\/08\/30agustos-YENI-349-1024x683.jpeg 1024w, https:\/\/gazetedokuz.com\/wp-content\/uploads\/2026\/08\/30agustos-YENI-349-300x200.jpeg 300w, https:\/\/gazetedokuz.com\/wp-content\/uploads\/2026\/08\/30agustos-YENI-349-768x512.jpeg 768w, https:\/\/gazetedokuz.com\/wp-content\/uploads\/2026\/08\/30agustos-YENI-349-282x188.jpeg 282w, https:\/\/gazetedokuz.com\/wp-content\/uploads\/2026\/08\/30agustos-YENI-349.jpeg 1200w\" sizes=\"auto, (max-width: 1024px) 100vw, 1024px\" \/><\/figure>\n<\/figure>\n\n\n\n<p class=\"wp-block-paragraph\"><strong>YEN\u0130 PART\u0130 NAZ\u0130LL\u0130, T\u00d6RENE TAM KADRO KATILDI<\/strong><\/p>\n\n\n\n<p class=\"wp-block-paragraph\">Kurucu \u0130l\u00e7e Ba\u015fkan\u0131 Sema Asl\u0131han \u00d6kmen\u2019in \u00f6nc\u00fcl\u00fc\u011f\u00fcnde ger\u00e7ekle\u015ftirilen YEN\u0130 Parti Nazilli \u0130l\u00e7e Ba\u015fkanl\u0131\u011f\u0131 alternatif \u00e7elenk koyma t\u00f6renine; Nazilli Belediye Meclisi YEN\u0130 Parti Grup Ba\u015fkanvekili Serkan Sevim ile Grup S\u00f6zc\u00fcs\u00fc Onat Erda\u011f, belediye meclis \u00fcyeleri ve partililer kat\u0131ld\u0131.<\/p>\n\n\n\n<p class=\"wp-block-paragraph\">YEN\u0130 Parti \u00e7elenginin CHP \u00e7elenginin \u00f6n\u00fcne koyulmas\u0131 ile ba\u015flayan programda; partililer sayg\u0131 duru\u015funda bulunarak hep bir a\u011f\u0131zdan \u0130stiklal Mar\u015f\u0131m\u0131z\u0131 okudular. G\u00fcn\u00fcn anlam ve \u00f6nemine binaen konu\u015fmay\u0131, Kurucu \u0130l\u00e7e Ba\u015fkan\u0131 \u00d6kmen yapt\u0131.<\/p>\n\n\n\n<figure class=\"wp-block-image size-large\"><img loading=\"lazy\" decoding=\"async\" width=\"1024\" height=\"683\" src=\"https:\/\/gazetedokuz.com\/wp-content\/uploads\/2026\/08\/30agustos-YENI-248-1024x683.jpeg\" alt=\"\" class=\"wp-image-2331\" srcset=\"https:\/\/gazetedokuz.com\/wp-content\/uploads\/2026\/08\/30agustos-YENI-248-1024x683.jpeg 1024w, https:\/\/gazetedokuz.com\/wp-content\/uploads\/2026\/08\/30agustos-YENI-248-300x200.jpeg 300w, https:\/\/gazetedokuz.com\/wp-content\/uploads\/2026\/08\/30agustos-YENI-248-768x512.jpeg 768w, https:\/\/gazetedokuz.com\/wp-content\/uploads\/2026\/08\/30agustos-YENI-248-282x188.jpeg 282w, https:\/\/gazetedokuz.com\/wp-content\/uploads\/2026\/08\/30agustos-YENI-248.jpeg 1200w\" sizes=\"auto, (max-width: 1024px) 100vw, 1024px\" \/><\/figure>\n\n\n\n<p class=\"wp-block-paragraph\"><strong>\u201cBU M\u0130LLET\u0130N \u00d6N\u00dcNDE MUSTAFA KEMAL VARDI\u201d<\/strong><\/p>\n\n\n\n<p class=\"wp-block-paragraph\">Alternatif t\u00f6rende partililere ve Nazilli halk\u0131na seslenen YEN\u0130 Parti Nazilli Kurucu \u0130l\u00e7e Ba\u015fkan\u0131 Sema Asl\u0131han \u00d6kmen, 104 y\u0131l \u00f6nce T\u00fcrk milletine bi\u00e7ilmek istenen kefenin milli iradeyle y\u0131rt\u0131l\u0131p at\u0131ld\u0131\u011f\u0131n\u0131 ifade etti. Tarihi s\u00fcrece dikkat \u00e7eken Ba\u015fkan \u00d6kmen, <strong>\u201c104 y\u0131l \u00f6nce bu millete bir kefen bi\u00e7tiler. \u2018Teslim olun! Boyun e\u011fin!\u2019 dediler. \u2018Bu topraklardan vazge\u00e7in!\u2019 dediler. Fakat unuttuklar\u0131 bir \u015fey vard\u0131: Bu milletin damarlar\u0131nda ba\u011f\u0131ms\u0131zl\u0131k, y\u00fcre\u011finde vatan, \u00f6n\u00fcnde ise Mustafa Kemal vard\u0131\u201d<\/strong> s\u00f6zleriyle kurtulu\u015f m\u00fccadelesinin ruhunu hat\u0131rlatt\u0131.<\/p>\n\n\n\n<figure class=\"wp-block-image size-large\"><img loading=\"lazy\" decoding=\"async\" width=\"1024\" height=\"683\" src=\"https:\/\/gazetedokuz.com\/wp-content\/uploads\/2026\/08\/30agustos-YENI-baskan-1024x683.jpeg\" alt=\"\" class=\"wp-image-2326\" srcset=\"https:\/\/gazetedokuz.com\/wp-content\/uploads\/2026\/08\/30agustos-YENI-baskan-1024x683.jpeg 1024w, https:\/\/gazetedokuz.com\/wp-content\/uploads\/2026\/08\/30agustos-YENI-baskan-300x200.jpeg 300w, https:\/\/gazetedokuz.com\/wp-content\/uploads\/2026\/08\/30agustos-YENI-baskan-768x512.jpeg 768w, https:\/\/gazetedokuz.com\/wp-content\/uploads\/2026\/08\/30agustos-YENI-baskan-282x188.jpeg 282w, https:\/\/gazetedokuz.com\/wp-content\/uploads\/2026\/08\/30agustos-YENI-baskan.jpeg 1200w\" sizes=\"auto, (max-width: 1024px) 100vw, 1024px\" \/><\/figure>\n\n\n\n<p class=\"wp-block-paragraph\"><strong>\u201cB\u0130Z ES\u0130R OLMAYACA\u011eIZ, D\u0130Z \u00c7\u00d6KMEYECE\u011e\u0130Z\u201d<\/strong><\/p>\n\n\n\n<p class=\"wp-block-paragraph\">Anadolu\u2019nun i\u015fgale kar\u015f\u0131 Samsun\u2019dan Sivas\u2019a uzanan tarihi bir iradeyle yan\u0131t verdi\u011fini dile getiren \u00d6kmen, Kocatepe\u2019den y\u00fckselen inanc\u0131n 30 A\u011fustos\u2019ta zaferle ta\u00e7land\u0131\u011f\u0131n\u0131 vurgulad\u0131. Ecdad\u0131n t\u00fcm d\u00fcnyaya e\u011filmeyen bir ba\u015f g\u00f6sterdi\u011fini ifade eden Ba\u015fkan \u00d6kmen, <strong>\u201cSonsuzluk yolunda cephede s\u00fcng\u00fcye, siperde cesarete d\u00f6n\u00fc\u015fen bu inan\u00e7la 30 A\u011fustos\u2019ta milletimiz d\u00fcnyaya hayk\u0131rd\u0131: Biz esir olmayaca\u011f\u0131z! Biz diz \u00e7\u00f6kmeyece\u011fiz! Biz bu vatandan vazge\u00e7meyece\u011fiz!\u201d<\/strong> diyerek ba\u011f\u0131ms\u0131zl\u0131k kararl\u0131l\u0131\u011f\u0131n\u0131 yineledi.<\/p>\n\n\n\n<p class=\"wp-block-paragraph\"><strong>\u201cONLAR B\u0130ZE B\u0130R VATANDAN FAZLASINI, CUMHUR\u0130YET\u2019\u0130 BIRAKTILAR\u201d<\/strong><\/p>\n\n\n\n<p class=\"wp-block-paragraph\">Konu\u015fmas\u0131n\u0131n son b\u00f6l\u00fcm\u00fcnde cephe gerisinde destan yazan fedak\u00e2r Anadolu insan\u0131n\u0131, kahraman anneleri ve \u015fehitleri sayg\u0131yla selamlayan YEN\u0130 Parti \u0130l\u00e7e Ba\u015fkan\u0131 Sema Asl\u0131han \u00d6kmen, zaferin en b\u00fcy\u00fck miras\u0131n\u0131n Cumhuriyet oldu\u011funu belirtti. \u00d6kmen, <strong>\u201cBiz bug\u00fcn, yok edilmek istenen bir milletin yeniden aya\u011fa kalk\u0131\u015f\u0131n\u0131 kutluyoruz. Cepheye evlad\u0131n\u0131 g\u00f6nderen analar\u0131n cesaretini, ka\u011fn\u0131s\u0131yla mermi ta\u015f\u0131yan kad\u0131nlar\u0131n fedak\u00e2rl\u0131\u011f\u0131n\u0131, son lokmas\u0131n\u0131 Mehmet\u00e7ikle payla\u015fan Anadolu\u2019nun vicdan\u0131n\u0131 ve ba\u011f\u0131ms\u0131zl\u0131k u\u011fruna topra\u011fa d\u00fc\u015fen kahramanlar\u0131m\u0131z\u0131 selaml\u0131yoruz. Onlar bize bir vatandan fazlas\u0131n\u0131, ba\u015f\u0131m\u0131z dik ya\u015fama hakk\u0131n\u0131, ay y\u0131ld\u0131zl\u0131 bayra\u011f\u0131m\u0131z\u0131n alt\u0131nda \u00f6zg\u00fcrce konu\u015fma hakk\u0131n\u0131; yani Cumhuriyet\u2019i b\u0131rakt\u0131lar!\u201d<\/strong> ifadeleriyle konu\u015fmas\u0131n\u0131 tamamlad\u0131. T\u00f6ren, partililerin alk\u0131\u015flar\u0131 e\u015fli\u011finde son buldu.<\/p>\n","protected":false},"excerpt":{"rendered":"<p>30 A\u011fustos Zafer Bayram\u0131\u2019n\u0131n 104. y\u0131l d\u00f6n\u00fcm\u00fcnde Nazilli\u2019de resmi t\u00f6renlerin ard\u0131ndan CHP ve YEN\u0130 Parti \u0130l\u00e7e \u00d6rg\u00fctleri pe\u015f pe\u015fe alternatif t\u00f6ren d\u00fczenledi. CHP\u2019liler \u00e7elenk sunumunun akabinde alan\u0131 terk ederken YEN\u0130 Parti Nazilli Kurucu \u0130l\u00e7e Ba\u015fkan\u0131 Sema Asl\u0131han \u00d6kmen; konu\u015fmas\u0131nda zaferin en b\u00fcy\u00fck miras\u0131n\u0131n Cumhuriyet oldu\u011funu belirtti.<\/p>\n","protected":false},"author":2,"featured_media":2330,"comment_status":"open","ping_status":"closed","sticky":false,"template":"","format":"standard","meta":{"footnotes":""},"categories":[6],"tags":[267,160,161,276,277],"manset":[],"bilesen":[],"class_list":["post-2325","post","type-post","status-publish","format-standard","has-post-thumbnail","hentry","category-siyaset","tag-30-agustos-zafer-bayrami","tag-chp-nazilli-ilce-baskanligi","tag-naim-atmaca","tag-sema-aslihan-okmen","tag-yeni-parti-nazilli-ilce-baskanligi-2"],"_links":{"self":[{"href":"https:\/\/gazetedokuz.com\/index.php?rest_route=\/wp\/v2\/posts\/2325","targetHints":{"allow":["GET"]}}],"collection":[{"href":"https:\/\/gazetedokuz.com\/index.php?rest_route=\/wp\/v2\/posts"}],"about":[{"href":"https:\/\/gazetedokuz.com\/index.php?rest_route=\/wp\/v2\/types\/post"}],"author":[{"embeddable":true,"href":"https:\/\/gazetedokuz.com\/index.php?rest_route=\/wp\/v2\/users\/2"}],"replies":[{"embeddable":true,"href":"https:\/\/gazetedokuz.com\/index.php?rest_route=%2Fwp%2Fv2%2Fcomments&post=2325"}],"version-history":[{"count":1,"href":"https:\/\/gazetedokuz.com\/index.php?rest_route=\/wp\/v2\/posts\/2325\/revisions"}],"predecessor-version":[{"id":2332,"href":"https:\/\/gazetedokuz.com\/index.php?rest_route=\/wp\/v2\/posts\/2325\/revisions\/2332"}],"wp:featuredmedia":[{"embeddable":true,"href":"https:\/\/gazetedokuz.com\/index.php?rest_route=\/wp\/v2\/media\/2330"}],"wp:attachment":[{"href":"https:\/\/gazetedokuz.com\/index.php?rest_route=%2Fwp%2Fv2%2Fmedia&parent=2325"}],"wp:term":[{"taxonomy":"category","embeddable":true,"href":"https:\/\/gazetedokuz.com\/index.php?rest_route=%2Fwp%2Fv2%2Fcategories&post=2325"},{"taxonomy":"post_tag","embeddable":true,"href":"https:\/\/gazetedokuz.com\/index.php?rest_route=%2Fwp%2Fv2%2Ftags&post=2325"},{"taxonomy":"manset","embeddable":true,"href":"https:\/\/gazetedokuz.com\/index.php?rest_route=%2Fwp%2Fv2%2Fmanset&post=2325"},{"taxonomy":"bilesen","embeddable":true,"href":"https:\/\/gazetedokuz.com\/index.php?rest_route=%2Fwp%2Fv2%2Fbilesen&post=2325"}],"curies":[{"name":"wp","href":"https:\/\/api.w.org\/{rel}","templated":true}]}}