{"id":2320,"date":"2026-08-30T23:59:00","date_gmt":"2026-08-30T20:59:00","guid":{"rendered":"https:\/\/gazetedokuz.com\/?p=2320"},"modified":"2026-08-31T03:54:37","modified_gmt":"2026-08-31T00:54:37","slug":"aydin-buyuksehirden-104-yila-yakisan-muhtesem-kutlama","status":"publish","type":"post","link":"https:\/\/gazetedokuz.com\/?p=2320","title":{"rendered":"Ayd\u0131n B\u00fcy\u00fck\u015fehirden 104. y\u0131la yak\u0131\u015fan muhte\u015fem kutlama"},"content":{"rendered":"\n<p class=\"wp-block-paragraph\">Ayd\u0131n B\u00fcy\u00fck\u015fehir Belediyesi, Gazi Mustafa Kemal Atat\u00fcrk \u00f6nderli\u011finde kazan\u0131lan \u015fanl\u0131 B\u00fcy\u00fck Zafer\u2019in 104. y\u0131l d\u00f6n\u00fcm\u00fcn\u00fc il genelinde d\u00fczenlenen g\u00f6rkemli etkinliklerle kutlad\u0131. <\/p>\n\n\n\n<p class=\"wp-block-paragraph\">Ayd\u0131nl\u0131lar\u0131 b\u00fcy\u00fck bir gurur ve co\u015fku \u00e7at\u0131s\u0131 alt\u0131nda bulu\u015fturan kutlama program\u0131n\u0131n ana merkezi, her y\u0131l oldu\u011fu gibi yine kent meydan\u0131 oldu. On binlerce vatanda\u015f\u0131n ellerinde T\u00fcrk bayraklar\u0131yla ak\u0131n etti\u011fi meydan, 30 A\u011fustos ruhuna yak\u0131\u015fan tarihi bir kalabal\u0131\u011fa sahne oldu.<\/p>\n\n\n\n<figure class=\"wp-block-gallery has-nested-images columns-default is-cropped wp-block-gallery-1 is-layout-flex wp-block-gallery-is-layout-flex\">\n<figure class=\"wp-block-image size-large\"><img loading=\"lazy\" decoding=\"async\" width=\"1024\" height=\"657\" data-id=\"2322\" src=\"https:\/\/gazetedokuz.com\/wp-content\/uploads\/2026\/08\/ABB-3008-mertdemir-4-2-1024x657.jpeg\" alt=\"\" class=\"wp-image-2322\" srcset=\"https:\/\/gazetedokuz.com\/wp-content\/uploads\/2026\/08\/ABB-3008-mertdemir-4-2-1024x657.jpeg 1024w, https:\/\/gazetedokuz.com\/wp-content\/uploads\/2026\/08\/ABB-3008-mertdemir-4-2-300x193.jpeg 300w, https:\/\/gazetedokuz.com\/wp-content\/uploads\/2026\/08\/ABB-3008-mertdemir-4-2-767x492.jpeg 767w, https:\/\/gazetedokuz.com\/wp-content\/uploads\/2026\/08\/ABB-3008-mertdemir-4-2.jpeg 1247w\" sizes=\"auto, (max-width: 1024px) 100vw, 1024px\" \/><\/figure>\n<\/figure>\n\n\n\n<p class=\"wp-block-paragraph\"><strong>HAVUZDA G\u00d6RSEL \u015e\u00d6LEN VE MERT DEM\u0130R SAHNES\u0130<\/strong><\/p>\n\n\n\n<p class=\"wp-block-paragraph\">Atat\u00fcrk Kent Meydan\u0131\u2019ndaki kutlamalar, alanda bulunan havuzda ger\u00e7ekle\u015ftirilen b\u00fcy\u00fcleyici bir g\u00f6rsel \u015f\u00f6lenle ba\u015flad\u0131. Renkli \u0131\u015f\u0131k senkronizasyonlar\u0131 ve \u00f6zel ate\u015f g\u00f6sterileri, alan\u0131 dolduran vatanda\u015flar taraf\u0131ndan yo\u011fun ilgiyle izlendi. Bu nefes kesen g\u00f6rsel \u015f\u00f6lenin hemen ard\u0131ndan pop m\u00fczi\u011fin sevilen ismi Mert Demir sahne ald\u0131. \u00dcnl\u00fc sanat\u00e7\u0131, en pop\u00fcler \u015fark\u0131lar\u0131n\u0131 on binlerce Ayd\u0131nl\u0131yla birlikte hep bir a\u011f\u0131zdan seslendirerek kent sakinlerine m\u00fczik dolu unutulmaz bir bayram gecesi ya\u015fatt\u0131.<\/p>\n\n\n\n<figure class=\"wp-block-image size-large\"><img loading=\"lazy\" decoding=\"async\" width=\"1024\" height=\"662\" src=\"https:\/\/gazetedokuz.com\/wp-content\/uploads\/2026\/08\/ABB-3008-mertdemir-7-1024x662.jpeg\" alt=\"\" class=\"wp-image-2323\" srcset=\"https:\/\/gazetedokuz.com\/wp-content\/uploads\/2026\/08\/ABB-3008-mertdemir-7-1024x662.jpeg 1024w, https:\/\/gazetedokuz.com\/wp-content\/uploads\/2026\/08\/ABB-3008-mertdemir-7-300x194.jpeg 300w, https:\/\/gazetedokuz.com\/wp-content\/uploads\/2026\/08\/ABB-3008-mertdemir-7-768x496.jpeg 768w, https:\/\/gazetedokuz.com\/wp-content\/uploads\/2026\/08\/ABB-3008-mertdemir-7.jpeg 1238w\" sizes=\"auto, (max-width: 1024px) 100vw, 1024px\" \/><\/figure>\n\n\n\n<p class=\"wp-block-paragraph\"><strong>VATANDA\u015eLARDAN \u00d6ZLEM \u00c7ER\u00c7\u0130O\u011eLU\u2019NA TE\u015eEKK\u00dcR<\/strong><\/p>\n\n\n\n<p class=\"wp-block-paragraph\">Meydan\u0131 tamamen dolduran co\u015fkulu kalabal\u0131k, ellerindeki T\u00fcrk bayraklar\u0131n\u0131 \u015fark\u0131lar e\u015fli\u011finde dalgaland\u0131rarak zaferin gururunu doyas\u0131ya ya\u015fad\u0131. Organizasyonun her a\u015famas\u0131ndan b\u00fcy\u00fck memnuniyet duyduklar\u0131n\u0131 dile getiren vatanda\u015flar, bu anlaml\u0131 k\u00fclt\u00fcr-sanat etkinli\u011fi ve bayram co\u015fkusunu kendileriyle bulu\u015fturdu\u011fu i\u00e7in Ayd\u0131n B\u00fcy\u00fck\u015fehir Belediye Ba\u015fkan\u0131 \u00d6zlem \u00c7er\u00e7io\u011flu\u2019na te\u015fekk\u00fcrlerini ve \u015f\u00fckranlar\u0131n\u0131 iletti.<\/p>\n","protected":false},"excerpt":{"rendered":"<p>B\u00fcy\u00fck Zafer\u2019in 104. y\u0131l\u0131n\u0131 co\u015fkuyla kutlayan Ayd\u0131n B\u00fcy\u00fck\u015fehir Belediyesi, Atat\u00fcrk Kent Meydan\u0131\u2019nda \u0131\u015f\u0131k \u015fovlar\u0131 ve Mert Demir konseri organize etti. Alan\u0131 h\u0131ncah\u0131n\u00e7 dolduran vatanda\u015flar Ba\u015fkan \u00c7er\u00e7io\u011flu\u2019na te\u015fekk\u00fcr etti.<\/p>\n","protected":false},"author":2,"featured_media":2321,"comment_status":"open","ping_status":"closed","sticky":false,"template":"","format":"standard","meta":{"footnotes":""},"categories":[53],"tags":[267,46,275,47],"manset":[],"bilesen":[],"class_list":["post-2320","post","type-post","status-publish","format-standard","has-post-thumbnail","hentry","category-yerel-yonetim","tag-30-agustos-zafer-bayrami","tag-aydin-buyuksehir-belediyesi","tag-mert-demir","tag-ozlem-cercioglu"],"_links":{"self":[{"href":"https:\/\/gazetedokuz.com\/index.php?rest_route=\/wp\/v2\/posts\/2320","targetHints":{"allow":["GET"]}}],"collection":[{"href":"https:\/\/gazetedokuz.com\/index.php?rest_route=\/wp\/v2\/posts"}],"about":[{"href":"https:\/\/gazetedokuz.com\/index.php?rest_route=\/wp\/v2\/types\/post"}],"author":[{"embeddable":true,"href":"https:\/\/gazetedokuz.com\/index.php?rest_route=\/wp\/v2\/users\/2"}],"replies":[{"embeddable":true,"href":"https:\/\/gazetedokuz.com\/index.php?rest_route=%2Fwp%2Fv2%2Fcomments&post=2320"}],"version-history":[{"count":1,"href":"https:\/\/gazetedokuz.com\/index.php?rest_route=\/wp\/v2\/posts\/2320\/revisions"}],"predecessor-version":[{"id":2324,"href":"https:\/\/gazetedokuz.com\/index.php?rest_route=\/wp\/v2\/posts\/2320\/revisions\/2324"}],"wp:featuredmedia":[{"embeddable":true,"href":"https:\/\/gazetedokuz.com\/index.php?rest_route=\/wp\/v2\/media\/2321"}],"wp:attachment":[{"href":"https:\/\/gazetedokuz.com\/index.php?rest_route=%2Fwp%2Fv2%2Fmedia&parent=2320"}],"wp:term":[{"taxonomy":"category","embeddable":true,"href":"https:\/\/gazetedokuz.com\/index.php?rest_route=%2Fwp%2Fv2%2Fcategories&post=2320"},{"taxonomy":"post_tag","embeddable":true,"href":"https:\/\/gazetedokuz.com\/index.php?rest_route=%2Fwp%2Fv2%2Ftags&post=2320"},{"taxonomy":"manset","embeddable":true,"href":"https:\/\/gazetedokuz.com\/index.php?rest_route=%2Fwp%2Fv2%2Fmanset&post=2320"},{"taxonomy":"bilesen","embeddable":true,"href":"https:\/\/gazetedokuz.com\/index.php?rest_route=%2Fwp%2Fv2%2Fbilesen&post=2320"}],"curies":[{"name":"wp","href":"https:\/\/api.w.org\/{rel}","templated":true}]}}